{"id":46050,"date":"2026-04-30T07:54:43","date_gmt":"2026-04-30T10:54:43","guid":{"rendered":"https:\/\/tendenciaspoliticas.com\/?p=46050"},"modified":"2026-04-30T07:55:06","modified_gmt":"2026-04-30T10:55:06","slug":"la-uba-realiza-un-paro-total-en-defensa-de-la-educacion-publica-y-profundiza-el-conflicto-con-el-gobierno","status":"publish","type":"post","link":"https:\/\/tendenciaspoliticas.com\/?p=46050","title":{"rendered":"La UBA realiza un paro total en defensa de la educaci\u00f3n p\u00fablica y profundiza el conflicto con el Gobierno"},"content":{"rendered":"\n<figure class=\"wp-block-image size-full\"><img loading=\"lazy\" decoding=\"async\" width=\"800\" height=\"400\" src=\"https:\/\/tendenciaspoliticas.com\/wp-content\/uploads\/2026\/04\/image-400.png\" alt=\"\" class=\"wp-image-46051\" srcset=\"https:\/\/tendenciaspoliticas.com\/wp-content\/uploads\/2026\/04\/image-400.png 800w, https:\/\/tendenciaspoliticas.com\/wp-content\/uploads\/2026\/04\/image-400-300x150.png 300w, https:\/\/tendenciaspoliticas.com\/wp-content\/uploads\/2026\/04\/image-400-768x384.png 768w\" sizes=\"auto, (max-width: 800px) 100vw, 800px\" \/><\/figure>\n\n\n\n<p>Docentes y no docentes avanzan con medidas de fuerza pese a los intentos oficiales de frenar la protesta universitaria.<\/p>\n\n\n\n<p>La Universidad de Buenos Aires (UBA) lleva adelante un paro total en defensa de la educaci\u00f3n p\u00fablica, en el marco de un conflicto creciente con el Gobierno nacional. La medida de fuerza involucra tanto a docentes como a trabajadores no docentes, que reclaman mejoras en las condiciones del sistema universitario.<\/p>\n\n\n\n<p>El paro se produce pese a los intentos del Ejecutivo por frenar la huelga, lo que refleja la profundidad del conflicto. Las organizaciones gremiales sostienen que la protesta es necesaria ante la falta de respuestas a sus demandas.<\/p>\n\n\n\n<p>Entre los principales reclamos se encuentran cuestiones salariales, financiamiento para las universidades y condiciones de trabajo. Los sindicatos advierten que la situaci\u00f3n afecta tanto a los trabajadores como a la calidad educativa.<\/p>\n\n\n\n<p>Desde el Gobierno, en tanto, defienden su pol\u00edtica de ajuste y sostienen que las medidas buscan ordenar las cuentas p\u00fablicas. La relaci\u00f3n con el sector universitario se mantiene en un nivel de alta tensi\u00f3n.<\/p>\n\n\n\n<p>La protesta en la UBA tiene un fuerte impacto simb\u00f3lico, dado el peso de la instituci\u00f3n en el sistema educativo argentino. Adem\u00e1s, se inscribe en un contexto m\u00e1s amplio de conflicto con el \u00e1mbito acad\u00e9mico.<\/p>\n\n\n\n<p>El desarrollo del conflicto depender\u00e1 de la capacidad de di\u00e1logo entre las partes y de la evoluci\u00f3n de las negociaciones. Mientras tanto, la medida de fuerza refleja el malestar en el sistema universitario.<\/p>\n","protected":false},"excerpt":{"rendered":"<p>Docentes y no docentes avanzan con medidas de fuerza pese a los intentos oficiales de&#8230;<\/p>\n","protected":false},"author":2,"featured_media":0,"comment_status":"open","ping_status":"open","sticky":false,"template":"","format":"standard","meta":{"footnotes":""},"categories":[40,13],"tags":[14],"class_list":["post-46050","post","type-post","status-publish","format-standard","hentry","category-sociedad","category-ultima-noticia","tag-politica"],"_links":{"self":[{"href":"https:\/\/tendenciaspoliticas.com\/index.php?rest_route=\/wp\/v2\/posts\/46050","targetHints":{"allow":["GET"]}}],"collection":[{"href":"https:\/\/tendenciaspoliticas.com\/index.php?rest_route=\/wp\/v2\/posts"}],"about":[{"href":"https:\/\/tendenciaspoliticas.com\/index.php?rest_route=\/wp\/v2\/types\/post"}],"author":[{"embeddable":true,"href":"https:\/\/tendenciaspoliticas.com\/index.php?rest_route=\/wp\/v2\/users\/2"}],"replies":[{"embeddable":true,"href":"https:\/\/tendenciaspoliticas.com\/index.php?rest_route=%2Fwp%2Fv2%2Fcomments&post=46050"}],"version-history":[{"count":1,"href":"https:\/\/tendenciaspoliticas.com\/index.php?rest_route=\/wp\/v2\/posts\/46050\/revisions"}],"predecessor-version":[{"id":46052,"href":"https:\/\/tendenciaspoliticas.com\/index.php?rest_route=\/wp\/v2\/posts\/46050\/revisions\/46052"}],"wp:attachment":[{"href":"https:\/\/tendenciaspoliticas.com\/index.php?rest_route=%2Fwp%2Fv2%2Fmedia&parent=46050"}],"wp:term":[{"taxonomy":"category","embeddable":true,"href":"https:\/\/tendenciaspoliticas.com\/index.php?rest_route=%2Fwp%2Fv2%2Fcategories&post=46050"},{"taxonomy":"post_tag","embeddable":true,"href":"https:\/\/tendenciaspoliticas.com\/index.php?rest_route=%2Fwp%2Fv2%2Ftags&post=46050"}],"curies":[{"name":"wp","href":"https:\/\/api.w.org\/{rel}","templated":true}]}}