{"id":46047,"date":"2026-04-30T16:53:00","date_gmt":"2026-04-30T19:53:00","guid":{"rendered":"https:\/\/tendenciaspoliticas.com\/?p=46047"},"modified":"2026-04-30T07:54:16","modified_gmt":"2026-04-30T10:54:16","slug":"nuevo-reglamento-redefine-las-residencias-medicas-y-genera-debate-en-el-sistema-de-salud","status":"publish","type":"post","link":"https:\/\/tendenciaspoliticas.com\/?p=46047","title":{"rendered":"Nuevo reglamento redefine las residencias m\u00e9dicas y genera debate en el sistema de salud"},"content":{"rendered":"\n<figure class=\"wp-block-image size-full\"><img loading=\"lazy\" decoding=\"async\" width=\"992\" height=\"558\" src=\"https:\/\/tendenciaspoliticas.com\/wp-content\/uploads\/2026\/04\/image-399.png\" alt=\"\" class=\"wp-image-46048\" srcset=\"https:\/\/tendenciaspoliticas.com\/wp-content\/uploads\/2026\/04\/image-399.png 992w, https:\/\/tendenciaspoliticas.com\/wp-content\/uploads\/2026\/04\/image-399-300x169.png 300w, https:\/\/tendenciaspoliticas.com\/wp-content\/uploads\/2026\/04\/image-399-768x432.png 768w\" sizes=\"auto, (max-width: 992px) 100vw, 992px\" \/><\/figure>\n\n\n\n<p>La normativa introduce cambios en las condiciones de contrataci\u00f3n y licencias, con impacto en la formaci\u00f3n de profesionales.<\/p>\n\n\n\n<p>El Gobierno nacional implement\u00f3 un nuevo reglamento para las residencias m\u00e9dicas en centros de salud p\u00fablicos, que introduce modificaciones en aspectos clave como las modalidades de contrataci\u00f3n y el r\u00e9gimen de licencias. La medida gener\u00f3 un amplio debate entre profesionales y especialistas del sector.<\/p>\n\n\n\n<p>Seg\u00fan explicaron fuentes oficiales, los cambios buscan responder a reclamos hist\u00f3ricos de los residentes y mejorar las condiciones de formaci\u00f3n. Sin embargo, algunos puntos a\u00fan generan incertidumbre y requieren mayor definici\u00f3n.<\/p>\n\n\n\n<p>Las residencias m\u00e9dicas constituyen una etapa fundamental en la formaci\u00f3n de los profesionales de la salud, por lo que cualquier modificaci\u00f3n en su regulaci\u00f3n tiene impacto directo en el sistema sanitario. En este sentido, la normativa es observada con atenci\u00f3n por distintos actores.<\/p>\n\n\n\n<p>Especialistas se\u00f1alan que el nuevo reglamento introduce avances en ciertos aspectos, aunque advierten sobre la necesidad de garantizar condiciones laborales adecuadas y estabilidad en el sistema. Tambi\u00e9n destacan la importancia de una implementaci\u00f3n clara.<\/p>\n\n\n\n<p>El debate se da en un contexto de tensi\u00f3n en el sector de la salud, donde se combinan demandas laborales, necesidades de formaci\u00f3n y desaf\u00edos estructurales. La regulaci\u00f3n de las residencias es un punto clave en este escenario.<\/p>\n\n\n\n<p>La evoluci\u00f3n de la normativa depender\u00e1 de su aplicaci\u00f3n concreta y de las posibles modificaciones que surjan a partir del di\u00e1logo con los profesionales. El tema seguir\u00e1 en agenda en los pr\u00f3ximos meses.<\/p>\n","protected":false},"excerpt":{"rendered":"<p>La normativa introduce cambios en las condiciones de contrataci\u00f3n y licencias, con impacto en la&#8230;<\/p>\n","protected":false},"author":2,"featured_media":0,"comment_status":"open","ping_status":"open","sticky":false,"template":"","format":"standard","meta":{"footnotes":""},"categories":[40,13],"tags":[39],"class_list":["post-46047","post","type-post","status-publish","format-standard","hentry","category-sociedad","category-ultima-noticia","tag-sociedad"],"_links":{"self":[{"href":"https:\/\/tendenciaspoliticas.com\/index.php?rest_route=\/wp\/v2\/posts\/46047","targetHints":{"allow":["GET"]}}],"collection":[{"href":"https:\/\/tendenciaspoliticas.com\/index.php?rest_route=\/wp\/v2\/posts"}],"about":[{"href":"https:\/\/tendenciaspoliticas.com\/index.php?rest_route=\/wp\/v2\/types\/post"}],"author":[{"embeddable":true,"href":"https:\/\/tendenciaspoliticas.com\/index.php?rest_route=\/wp\/v2\/users\/2"}],"replies":[{"embeddable":true,"href":"https:\/\/tendenciaspoliticas.com\/index.php?rest_route=%2Fwp%2Fv2%2Fcomments&post=46047"}],"version-history":[{"count":1,"href":"https:\/\/tendenciaspoliticas.com\/index.php?rest_route=\/wp\/v2\/posts\/46047\/revisions"}],"predecessor-version":[{"id":46049,"href":"https:\/\/tendenciaspoliticas.com\/index.php?rest_route=\/wp\/v2\/posts\/46047\/revisions\/46049"}],"wp:attachment":[{"href":"https:\/\/tendenciaspoliticas.com\/index.php?rest_route=%2Fwp%2Fv2%2Fmedia&parent=46047"}],"wp:term":[{"taxonomy":"category","embeddable":true,"href":"https:\/\/tendenciaspoliticas.com\/index.php?rest_route=%2Fwp%2Fv2%2Fcategories&post=46047"},{"taxonomy":"post_tag","embeddable":true,"href":"https:\/\/tendenciaspoliticas.com\/index.php?rest_route=%2Fwp%2Fv2%2Ftags&post=46047"}],"curies":[{"name":"wp","href":"https:\/\/api.w.org\/{rel}","templated":true}]}}