{"id":46041,"date":"2026-04-30T07:53:06","date_gmt":"2026-04-30T10:53:06","guid":{"rendered":"https:\/\/tendenciaspoliticas.com\/?p=46041"},"modified":"2026-04-30T07:55:23","modified_gmt":"2026-04-30T10:55:23","slug":"anulan-el-procesamiento-de-alberto-fernandez-en-la-causa-por-seguros-y-ordenan-nuevas-pruebas","status":"publish","type":"post","link":"https:\/\/tendenciaspoliticas.com\/?p=46041","title":{"rendered":"Anulan el procesamiento de Alberto Fern\u00e1ndez en la causa por seguros y ordenan nuevas pruebas"},"content":{"rendered":"\n<figure class=\"wp-block-image size-large\"><img loading=\"lazy\" decoding=\"async\" width=\"1024\" height=\"575\" src=\"https:\/\/tendenciaspoliticas.com\/wp-content\/uploads\/2026\/04\/image-397-1024x575.png\" alt=\"\" class=\"wp-image-46042\" srcset=\"https:\/\/tendenciaspoliticas.com\/wp-content\/uploads\/2026\/04\/image-397-1024x575.png 1024w, https:\/\/tendenciaspoliticas.com\/wp-content\/uploads\/2026\/04\/image-397-300x169.png 300w, https:\/\/tendenciaspoliticas.com\/wp-content\/uploads\/2026\/04\/image-397-768x432.png 768w, https:\/\/tendenciaspoliticas.com\/wp-content\/uploads\/2026\/04\/image-397.png 1500w\" sizes=\"auto, (max-width: 1024px) 100vw, 1024px\" \/><\/figure>\n\n\n\n<p>La C\u00e1mara Federal consider\u00f3 que faltaban declaraciones clave y revirti\u00f3 una decisi\u00f3n judicial en un caso de alto impacto pol\u00edtico.<\/p>\n\n\n\n<p>La C\u00e1mara Federal anul\u00f3 el procesamiento del ex presidente Alberto Fern\u00e1ndez en una causa vinculada a la contrataci\u00f3n de seguros, al considerar que la investigaci\u00f3n presentaba deficiencias en la producci\u00f3n de pruebas. La decisi\u00f3n fue adoptada por los jueces Mariano Borinsky y Gustavo Carbajo.<\/p>\n\n\n\n<p>El tribunal entendi\u00f3 que a\u00fan restan declaraciones testimoniales relevantes, especialmente de personas cercanas al ex mandatario, lo que impide sostener el procesamiento en esta etapa del expediente. En consecuencia, orden\u00f3 profundizar la investigaci\u00f3n antes de avanzar.<\/p>\n\n\n\n<p>La resoluci\u00f3n representa un giro en la causa, que hab\u00eda generado repercusiones pol\u00edticas por la implicancia de un ex jefe de Estado. El fallo no implica el cierre del caso, sino que devuelve el expediente a una instancia previa para completar las pruebas.<\/p>\n\n\n\n<p>Desde el entorno de Fern\u00e1ndez interpretaron la decisi\u00f3n como una se\u00f1al de debilidad en la acusaci\u00f3n, mientras que otros sectores sostienen que la investigaci\u00f3n debe continuar para esclarecer los hechos.<\/p>\n\n\n\n<p>El caso se inscribe en un contexto de alta judicializaci\u00f3n de la pol\u00edtica, donde distintos dirigentes enfrentan procesos en la Justicia. Este tipo de decisiones suele tener impacto tanto en el plano jur\u00eddico como en el pol\u00edtico.<\/p>\n\n\n\n<p>En las pr\u00f3ximas etapas, el juez a cargo deber\u00e1 avanzar con las medidas ordenadas por la C\u00e1mara, lo que definir\u00e1 el rumbo de la causa y su eventual evoluci\u00f3n hacia nuevas resoluciones.<\/p>\n","protected":false},"excerpt":{"rendered":"<p>La C\u00e1mara Federal consider\u00f3 que faltaban declaraciones clave y revirti\u00f3 una decisi\u00f3n judicial en un&#8230;<\/p>\n","protected":false},"author":2,"featured_media":0,"comment_status":"open","ping_status":"open","sticky":false,"template":"","format":"standard","meta":{"footnotes":""},"categories":[13],"tags":[14],"class_list":["post-46041","post","type-post","status-publish","format-standard","hentry","category-ultima-noticia","tag-politica"],"_links":{"self":[{"href":"https:\/\/tendenciaspoliticas.com\/index.php?rest_route=\/wp\/v2\/posts\/46041","targetHints":{"allow":["GET"]}}],"collection":[{"href":"https:\/\/tendenciaspoliticas.com\/index.php?rest_route=\/wp\/v2\/posts"}],"about":[{"href":"https:\/\/tendenciaspoliticas.com\/index.php?rest_route=\/wp\/v2\/types\/post"}],"author":[{"embeddable":true,"href":"https:\/\/tendenciaspoliticas.com\/index.php?rest_route=\/wp\/v2\/users\/2"}],"replies":[{"embeddable":true,"href":"https:\/\/tendenciaspoliticas.com\/index.php?rest_route=%2Fwp%2Fv2%2Fcomments&post=46041"}],"version-history":[{"count":1,"href":"https:\/\/tendenciaspoliticas.com\/index.php?rest_route=\/wp\/v2\/posts\/46041\/revisions"}],"predecessor-version":[{"id":46043,"href":"https:\/\/tendenciaspoliticas.com\/index.php?rest_route=\/wp\/v2\/posts\/46041\/revisions\/46043"}],"wp:attachment":[{"href":"https:\/\/tendenciaspoliticas.com\/index.php?rest_route=%2Fwp%2Fv2%2Fmedia&parent=46041"}],"wp:term":[{"taxonomy":"category","embeddable":true,"href":"https:\/\/tendenciaspoliticas.com\/index.php?rest_route=%2Fwp%2Fv2%2Fcategories&post=46041"},{"taxonomy":"post_tag","embeddable":true,"href":"https:\/\/tendenciaspoliticas.com\/index.php?rest_route=%2Fwp%2Fv2%2Ftags&post=46041"}],"curies":[{"name":"wp","href":"https:\/\/api.w.org\/{rel}","templated":true}]}}