{"id":46038,"date":"2026-04-30T16:51:00","date_gmt":"2026-04-30T19:51:00","guid":{"rendered":"https:\/\/tendenciaspoliticas.com\/?p=46038"},"modified":"2026-04-30T07:52:19","modified_gmt":"2026-04-30T10:52:19","slug":"argentina-cae-en-el-ranking-global-de-libertad-de-prensa-y-alertan-sobre-un-clima-de-hostilidad-institucional","status":"publish","type":"post","link":"https:\/\/tendenciaspoliticas.com\/?p=46038","title":{"rendered":"Argentina cae en el ranking global de libertad de prensa y alertan sobre un clima de hostilidad institucional"},"content":{"rendered":"\n<figure class=\"wp-block-image size-full\"><img loading=\"lazy\" decoding=\"async\" width=\"987\" height=\"555\" src=\"https:\/\/tendenciaspoliticas.com\/wp-content\/uploads\/2026\/04\/image-396.png\" alt=\"\" class=\"wp-image-46039\" srcset=\"https:\/\/tendenciaspoliticas.com\/wp-content\/uploads\/2026\/04\/image-396.png 987w, https:\/\/tendenciaspoliticas.com\/wp-content\/uploads\/2026\/04\/image-396-300x169.png 300w, https:\/\/tendenciaspoliticas.com\/wp-content\/uploads\/2026\/04\/image-396-768x432.png 768w\" sizes=\"auto, (max-width: 987px) 100vw, 987px\" \/><\/figure>\n\n\n\n<p>Un informe internacional ubica al pa\u00eds en el puesto 98 y advierte sobre un deterioro sostenido en las condiciones para el ejercicio del periodismo.<\/p>\n\n\n\n<p>Argentina registr\u00f3 un fuerte retroceso en el ranking mundial de libertad de prensa elaborado por la organizaci\u00f3n Reporteros sin Fronteras, al ubicarse en el puesto 98 a nivel global. El informe se\u00f1ala una ca\u00edda de 69 posiciones desde 2022, lo que refleja un deterioro significativo en las condiciones para el ejercicio del periodismo.<\/p>\n\n\n\n<p>El relevamiento advierte sobre la existencia de un clima de \u201chostilidad institucional\u201d, caracterizado por tensiones entre el poder pol\u00edtico y los medios de comunicaci\u00f3n. Este escenario, seg\u00fan la organizaci\u00f3n, impacta en la independencia y en la seguridad de los periodistas.<\/p>\n\n\n\n<p>El informe eval\u00faa distintos factores, como el marco legal, el contexto pol\u00edtico, la seguridad de los profesionales y el grado de pluralismo medi\u00e1tico. En el caso argentino, varios de estos indicadores muestran retrocesos en los \u00faltimos a\u00f1os.<\/p>\n\n\n\n<p>Desde distintos sectores del periodismo expresaron preocupaci\u00f3n por los resultados del ranking, al considerar que reflejan una tendencia preocupante. En particular, se se\u00f1ala la importancia de garantizar condiciones adecuadas para el trabajo de la prensa en un sistema democr\u00e1tico.<\/p>\n\n\n\n<p>El Gobierno no emiti\u00f3 una respuesta oficial detallada sobre el informe, aunque en ocasiones anteriores ha cuestionado este tipo de evaluaciones internacionales. La relaci\u00f3n entre el Ejecutivo y los medios atraviesa momentos de tensi\u00f3n.<\/p>\n\n\n\n<p>El retroceso en el ranking abre un debate sobre la calidad institucional y el rol de la prensa en la sociedad. La evoluci\u00f3n de estos indicadores ser\u00e1 clave para evaluar el estado de la libertad de expresi\u00f3n en el pa\u00eds.<\/p>\n","protected":false},"excerpt":{"rendered":"<p>Un informe internacional ubica al pa\u00eds en el puesto 98 y advierte sobre un deterioro&#8230;<\/p>\n","protected":false},"author":2,"featured_media":0,"comment_status":"open","ping_status":"open","sticky":false,"template":"","format":"standard","meta":{"footnotes":""},"categories":[40,13],"tags":[14],"class_list":["post-46038","post","type-post","status-publish","format-standard","hentry","category-sociedad","category-ultima-noticia","tag-politica"],"_links":{"self":[{"href":"https:\/\/tendenciaspoliticas.com\/index.php?rest_route=\/wp\/v2\/posts\/46038","targetHints":{"allow":["GET"]}}],"collection":[{"href":"https:\/\/tendenciaspoliticas.com\/index.php?rest_route=\/wp\/v2\/posts"}],"about":[{"href":"https:\/\/tendenciaspoliticas.com\/index.php?rest_route=\/wp\/v2\/types\/post"}],"author":[{"embeddable":true,"href":"https:\/\/tendenciaspoliticas.com\/index.php?rest_route=\/wp\/v2\/users\/2"}],"replies":[{"embeddable":true,"href":"https:\/\/tendenciaspoliticas.com\/index.php?rest_route=%2Fwp%2Fv2%2Fcomments&post=46038"}],"version-history":[{"count":1,"href":"https:\/\/tendenciaspoliticas.com\/index.php?rest_route=\/wp\/v2\/posts\/46038\/revisions"}],"predecessor-version":[{"id":46040,"href":"https:\/\/tendenciaspoliticas.com\/index.php?rest_route=\/wp\/v2\/posts\/46038\/revisions\/46040"}],"wp:attachment":[{"href":"https:\/\/tendenciaspoliticas.com\/index.php?rest_route=%2Fwp%2Fv2%2Fmedia&parent=46038"}],"wp:term":[{"taxonomy":"category","embeddable":true,"href":"https:\/\/tendenciaspoliticas.com\/index.php?rest_route=%2Fwp%2Fv2%2Fcategories&post=46038"},{"taxonomy":"post_tag","embeddable":true,"href":"https:\/\/tendenciaspoliticas.com\/index.php?rest_route=%2Fwp%2Fv2%2Ftags&post=46038"}],"curies":[{"name":"wp","href":"https:\/\/api.w.org\/{rel}","templated":true}]}}