{"id":46035,"date":"2026-04-30T07:51:06","date_gmt":"2026-04-30T10:51:06","guid":{"rendered":"https:\/\/tendenciaspoliticas.com\/?p=46035"},"modified":"2026-04-30T07:51:07","modified_gmt":"2026-04-30T10:51:07","slug":"la-industria-autopartista-perdio-mas-de-4-000-empleos-en-un-ano-por-la-caida-de-la-actividad","status":"publish","type":"post","link":"https:\/\/tendenciaspoliticas.com\/?p=46035","title":{"rendered":"La industria autopartista perdi\u00f3 m\u00e1s de 4.000 empleos en un a\u00f1o por la ca\u00edda de la actividad"},"content":{"rendered":"\n<figure class=\"wp-block-image size-full is-resized\"><img loading=\"lazy\" decoding=\"async\" width=\"269\" height=\"187\" src=\"https:\/\/tendenciaspoliticas.com\/wp-content\/uploads\/2026\/04\/image-395.png\" alt=\"\" class=\"wp-image-46036\" style=\"width:790px;height:auto\"\/><\/figure>\n\n\n\n<p>Un informe sectorial revela una fuerte reducci\u00f3n del empleo, en un contexto de ajuste econ\u00f3mico y menor producci\u00f3n.<\/p>\n\n\n\n<p>La industria autopartista registr\u00f3 una ca\u00edda significativa en el empleo durante el \u00faltimo a\u00f1o, con una p\u00e9rdida de 4.100 puestos de trabajo, seg\u00fan un relevamiento de la Asociaci\u00f3n de Fabricantes de Autocomponentes (AFAC). La cifra representa una reducci\u00f3n del 7,7% en la dotaci\u00f3n del sector.<\/p>\n\n\n\n<p>En 2024, el empleo directo en la actividad alcanzaba a 53.700 personas, mientras que en 2025 descendi\u00f3 a 49.600 trabajadores. La disminuci\u00f3n refleja el impacto de la ca\u00edda de la producci\u00f3n y de la demanda en la industria automotriz.<\/p>\n\n\n\n<p>El sector enfrenta un contexto complejo, marcado por la contracci\u00f3n del mercado interno y las dificultades para sostener niveles de exportaci\u00f3n. Estos factores inciden directamente en la actividad de las empresas autopartistas.<\/p>\n\n\n\n<p>Desde la industria advierten que la p\u00e9rdida de empleo podr\u00eda continuar si no se revierte la tendencia econ\u00f3mica. En este sentido, se\u00f1alan la necesidad de pol\u00edticas que impulsen la producci\u00f3n y la competitividad.<\/p>\n\n\n\n<p>El impacto social de la reducci\u00f3n de puestos de trabajo es significativo, especialmente en regiones donde la actividad tiene un peso relevante. La situaci\u00f3n genera preocupaci\u00f3n entre trabajadores y empresarios.<\/p>\n\n\n\n<p>La evoluci\u00f3n del sector depender\u00e1 de la recuperaci\u00f3n de la econom\u00eda y de la din\u00e1mica del mercado automotriz. Mientras tanto, la industria atraviesa un proceso de ajuste con consecuencias en el empleo y la producci\u00f3n.<\/p>\n","protected":false},"excerpt":{"rendered":"<p>Un informe sectorial revela una fuerte reducci\u00f3n del empleo, en un contexto de ajuste econ\u00f3mico&#8230;<\/p>\n","protected":false},"author":2,"featured_media":0,"comment_status":"open","ping_status":"open","sticky":false,"template":"","format":"standard","meta":{"footnotes":""},"categories":[10],"tags":[15],"class_list":["post-46035","post","type-post","status-publish","format-standard","hentry","category-economia","tag-economia"],"_links":{"self":[{"href":"https:\/\/tendenciaspoliticas.com\/index.php?rest_route=\/wp\/v2\/posts\/46035","targetHints":{"allow":["GET"]}}],"collection":[{"href":"https:\/\/tendenciaspoliticas.com\/index.php?rest_route=\/wp\/v2\/posts"}],"about":[{"href":"https:\/\/tendenciaspoliticas.com\/index.php?rest_route=\/wp\/v2\/types\/post"}],"author":[{"embeddable":true,"href":"https:\/\/tendenciaspoliticas.com\/index.php?rest_route=\/wp\/v2\/users\/2"}],"replies":[{"embeddable":true,"href":"https:\/\/tendenciaspoliticas.com\/index.php?rest_route=%2Fwp%2Fv2%2Fcomments&post=46035"}],"version-history":[{"count":1,"href":"https:\/\/tendenciaspoliticas.com\/index.php?rest_route=\/wp\/v2\/posts\/46035\/revisions"}],"predecessor-version":[{"id":46037,"href":"https:\/\/tendenciaspoliticas.com\/index.php?rest_route=\/wp\/v2\/posts\/46035\/revisions\/46037"}],"wp:attachment":[{"href":"https:\/\/tendenciaspoliticas.com\/index.php?rest_route=%2Fwp%2Fv2%2Fmedia&parent=46035"}],"wp:term":[{"taxonomy":"category","embeddable":true,"href":"https:\/\/tendenciaspoliticas.com\/index.php?rest_route=%2Fwp%2Fv2%2Fcategories&post=46035"},{"taxonomy":"post_tag","embeddable":true,"href":"https:\/\/tendenciaspoliticas.com\/index.php?rest_route=%2Fwp%2Fv2%2Ftags&post=46035"}],"curies":[{"name":"wp","href":"https:\/\/api.w.org\/{rel}","templated":true}]}}