{"id":46029,"date":"2026-04-30T16:49:00","date_gmt":"2026-04-30T19:49:00","guid":{"rendered":"https:\/\/tendenciaspoliticas.com\/?p=46029"},"modified":"2026-04-30T07:49:57","modified_gmt":"2026-04-30T10:49:57","slug":"milei-advirtio-a-empresarios-que-quienes-no-se-adapten-al-cambio-economico-quiebran","status":"publish","type":"post","link":"https:\/\/tendenciaspoliticas.com\/?p=46029","title":{"rendered":"Milei advirti\u00f3 a empresarios que quienes no se adapten al cambio econ\u00f3mico \u201cquiebran\u201d"},"content":{"rendered":"\n<figure class=\"wp-block-image size-full is-resized\"><img loading=\"lazy\" decoding=\"async\" width=\"500\" height=\"282\" src=\"https:\/\/tendenciaspoliticas.com\/wp-content\/uploads\/2026\/04\/image-393.png\" alt=\"\" class=\"wp-image-46030\" style=\"width:790px;height:auto\" srcset=\"https:\/\/tendenciaspoliticas.com\/wp-content\/uploads\/2026\/04\/image-393.png 500w, https:\/\/tendenciaspoliticas.com\/wp-content\/uploads\/2026\/04\/image-393-300x169.png 300w\" sizes=\"auto, (max-width: 500px) 100vw, 500px\" \/><\/figure>\n\n\n\n<p>El Presidente defendi\u00f3 su programa de reformas y apunt\u00f3 contra sectores empresariales en medio de la transici\u00f3n econ\u00f3mica.<\/p>\n\n\n\n<p>El presidente Javier Milei lanz\u00f3 una fuerte advertencia al sector empresarial al afirmar que aquellas compa\u00f1\u00edas que no se adapten al nuevo esquema econ\u00f3mico \u201cquiebran\u201d. La declaraci\u00f3n se produjo durante un encuentro con empresarios, en el que defendi\u00f3 las reformas impulsadas por su Gobierno.<\/p>\n\n\n\n<p>El mandatario reconoci\u00f3 que la transici\u00f3n hacia el nuevo modelo econ\u00f3mico implica costos y efectos colaterales, pero sostuvo que se trata de un proceso necesario para ordenar la econom\u00eda. En ese marco, elogi\u00f3 la gesti\u00f3n del ministro de Econom\u00eda, Luis Caputo, y destac\u00f3 los avances alcanzados hasta el momento.<\/p>\n\n\n\n<p>Milei tambi\u00e9n apunt\u00f3 contra algunos referentes del sector empresarial, incluyendo a figuras vinculadas a grandes grupos econ\u00f3micos. Las cr\u00edticas reflejan las tensiones existentes entre el Gobierno y ciertos sectores de la actividad privada.<\/p>\n\n\n\n<p>El discurso presidencial se enmarca en una estrategia que combina la defensa del ajuste econ\u00f3mico con un mensaje de transformaci\u00f3n estructural. Desde el Ejecutivo sostienen que las reformas buscan generar condiciones para el crecimiento a largo plazo.<\/p>\n\n\n\n<p>Sin embargo, las declaraciones generan preocupaci\u00f3n en parte del empresariado, que enfrenta un contexto de ca\u00edda de la actividad y dificultades para sostener sus operaciones. La adaptaci\u00f3n al nuevo escenario implica desaf\u00edos significativos para distintos sectores.<\/p>\n\n\n\n<p>El v\u00ednculo entre el Gobierno y los empresarios ser\u00e1 un factor clave para la evoluci\u00f3n de la econom\u00eda, en un contexto donde la inversi\u00f3n y la actividad productiva resultan determinantes.<\/p>\n","protected":false},"excerpt":{"rendered":"<p>El Presidente defendi\u00f3 su programa de reformas y apunt\u00f3 contra sectores empresariales en medio de&#8230;<\/p>\n","protected":false},"author":2,"featured_media":0,"comment_status":"open","ping_status":"open","sticky":false,"template":"","format":"standard","meta":{"footnotes":""},"categories":[10],"tags":[15],"class_list":["post-46029","post","type-post","status-publish","format-standard","hentry","category-economia","tag-economia"],"_links":{"self":[{"href":"https:\/\/tendenciaspoliticas.com\/index.php?rest_route=\/wp\/v2\/posts\/46029","targetHints":{"allow":["GET"]}}],"collection":[{"href":"https:\/\/tendenciaspoliticas.com\/index.php?rest_route=\/wp\/v2\/posts"}],"about":[{"href":"https:\/\/tendenciaspoliticas.com\/index.php?rest_route=\/wp\/v2\/types\/post"}],"author":[{"embeddable":true,"href":"https:\/\/tendenciaspoliticas.com\/index.php?rest_route=\/wp\/v2\/users\/2"}],"replies":[{"embeddable":true,"href":"https:\/\/tendenciaspoliticas.com\/index.php?rest_route=%2Fwp%2Fv2%2Fcomments&post=46029"}],"version-history":[{"count":1,"href":"https:\/\/tendenciaspoliticas.com\/index.php?rest_route=\/wp\/v2\/posts\/46029\/revisions"}],"predecessor-version":[{"id":46031,"href":"https:\/\/tendenciaspoliticas.com\/index.php?rest_route=\/wp\/v2\/posts\/46029\/revisions\/46031"}],"wp:attachment":[{"href":"https:\/\/tendenciaspoliticas.com\/index.php?rest_route=%2Fwp%2Fv2%2Fmedia&parent=46029"}],"wp:term":[{"taxonomy":"category","embeddable":true,"href":"https:\/\/tendenciaspoliticas.com\/index.php?rest_route=%2Fwp%2Fv2%2Fcategories&post=46029"},{"taxonomy":"post_tag","embeddable":true,"href":"https:\/\/tendenciaspoliticas.com\/index.php?rest_route=%2Fwp%2Fv2%2Ftags&post=46029"}],"curies":[{"name":"wp","href":"https:\/\/api.w.org\/{rel}","templated":true}]}}