{"id":46023,"date":"2026-04-30T07:48:58","date_gmt":"2026-04-30T10:48:58","guid":{"rendered":"https:\/\/tendenciaspoliticas.com\/?p=46023"},"modified":"2026-04-30T07:48:58","modified_gmt":"2026-04-30T10:48:58","slug":"el-banco-central-asegura-que-la-morosidad-en-creditos-alcanzo-su-pico-y-comienza-a-estabilizarse","status":"publish","type":"post","link":"https:\/\/tendenciaspoliticas.com\/?p=46023","title":{"rendered":"El Banco Central asegura que la morosidad en cr\u00e9ditos alcanz\u00f3 su pico y comienza a estabilizarse"},"content":{"rendered":"\n<figure class=\"wp-block-image size-full\"><img loading=\"lazy\" decoding=\"async\" width=\"780\" height=\"470\" src=\"https:\/\/tendenciaspoliticas.com\/wp-content\/uploads\/2026\/04\/image-391.png\" alt=\"\" class=\"wp-image-46024\" srcset=\"https:\/\/tendenciaspoliticas.com\/wp-content\/uploads\/2026\/04\/image-391.png 780w, https:\/\/tendenciaspoliticas.com\/wp-content\/uploads\/2026\/04\/image-391-300x181.png 300w, https:\/\/tendenciaspoliticas.com\/wp-content\/uploads\/2026\/04\/image-391-768x463.png 768w\" sizes=\"auto, (max-width: 780px) 100vw, 780px\" \/><\/figure>\n\n\n\n<p>La autoridad monetaria sostiene que los niveles de atraso en los pagos muestran se\u00f1ales de mejora, aunque advierte sobre el impacto en las familias.<\/p>\n\n\n\n<p>El presidente del Banco Central, Santiago Bausili, afirm\u00f3 que el peor momento en t\u00e9rminos de morosidad en los cr\u00e9ditos ya qued\u00f3 atr\u00e1s y que los indicadores comienzan a mostrar se\u00f1ales de estabilizaci\u00f3n. Seg\u00fan explic\u00f3, el sistema financiero atraviesa un proceso de saneamiento tras el incremento en los niveles de atraso registrado en los \u00faltimos meses.<\/p>\n\n\n\n<p>De acuerdo con los datos oficiales, la mora en el segmento de familias alcanza actualmente el 11%, un nivel elevado que refleja las dificultades econ\u00f3micas que atraviesan los hogares. Sin embargo, desde la entidad consideran que la tendencia comienza a revertirse gradualmente.<\/p>\n\n\n\n<p>El aumento de la morosidad estuvo vinculado a la ca\u00edda del poder adquisitivo y al ajuste econ\u00f3mico en curso, factores que impactaron en la capacidad de pago de los deudores. En este contexto, el sistema financiero debi\u00f3 adaptarse a un escenario de mayor riesgo crediticio.<\/p>\n\n\n\n<p>Desde el Banco Central destacan que las entidades financieras implementaron estrategias para gestionar la situaci\u00f3n, incluyendo refinanciaciones y reestructuraci\u00f3n de deudas. Estas medidas contribuyen a contener el deterioro de la cartera crediticia.<\/p>\n\n\n\n<p>El proceso de normalizaci\u00f3n ser\u00e1 gradual y depender\u00e1 de la evoluci\u00f3n de la econom\u00eda, especialmente del nivel de ingresos y del empleo. En ese sentido, la recuperaci\u00f3n de la actividad ser\u00e1 clave para consolidar la mejora en los indicadores.<\/p>\n\n\n\n<p>El monitoreo de la morosidad seguir\u00e1 siendo un aspecto central para la pol\u00edtica financiera, dado su impacto en la estabilidad del sistema bancario y en el acceso al cr\u00e9dito en el mediano plazo.<\/p>\n","protected":false},"excerpt":{"rendered":"<p>La autoridad monetaria sostiene que los niveles de atraso en los pagos muestran se\u00f1ales de&#8230;<\/p>\n","protected":false},"author":2,"featured_media":0,"comment_status":"open","ping_status":"open","sticky":false,"template":"","format":"standard","meta":{"footnotes":""},"categories":[10,13],"tags":[15],"class_list":["post-46023","post","type-post","status-publish","format-standard","hentry","category-economia","category-ultima-noticia","tag-economia"],"_links":{"self":[{"href":"https:\/\/tendenciaspoliticas.com\/index.php?rest_route=\/wp\/v2\/posts\/46023","targetHints":{"allow":["GET"]}}],"collection":[{"href":"https:\/\/tendenciaspoliticas.com\/index.php?rest_route=\/wp\/v2\/posts"}],"about":[{"href":"https:\/\/tendenciaspoliticas.com\/index.php?rest_route=\/wp\/v2\/types\/post"}],"author":[{"embeddable":true,"href":"https:\/\/tendenciaspoliticas.com\/index.php?rest_route=\/wp\/v2\/users\/2"}],"replies":[{"embeddable":true,"href":"https:\/\/tendenciaspoliticas.com\/index.php?rest_route=%2Fwp%2Fv2%2Fcomments&post=46023"}],"version-history":[{"count":1,"href":"https:\/\/tendenciaspoliticas.com\/index.php?rest_route=\/wp\/v2\/posts\/46023\/revisions"}],"predecessor-version":[{"id":46025,"href":"https:\/\/tendenciaspoliticas.com\/index.php?rest_route=\/wp\/v2\/posts\/46023\/revisions\/46025"}],"wp:attachment":[{"href":"https:\/\/tendenciaspoliticas.com\/index.php?rest_route=%2Fwp%2Fv2%2Fmedia&parent=46023"}],"wp:term":[{"taxonomy":"category","embeddable":true,"href":"https:\/\/tendenciaspoliticas.com\/index.php?rest_route=%2Fwp%2Fv2%2Fcategories&post=46023"},{"taxonomy":"post_tag","embeddable":true,"href":"https:\/\/tendenciaspoliticas.com\/index.php?rest_route=%2Fwp%2Fv2%2Ftags&post=46023"}],"curies":[{"name":"wp","href":"https:\/\/api.w.org\/{rel}","templated":true}]}}