{"id":46017,"date":"2026-04-30T16:47:00","date_gmt":"2026-04-30T19:47:00","guid":{"rendered":"https:\/\/tendenciaspoliticas.com\/?p=46017"},"modified":"2026-04-30T07:47:58","modified_gmt":"2026-04-30T10:47:58","slug":"jaldo-ratifico-las-paso-pero-propuso-cambios-en-su-financiamiento-y-funcionamiento","status":"publish","type":"post","link":"https:\/\/tendenciaspoliticas.com\/?p=46017","title":{"rendered":"Jaldo ratific\u00f3 las PASO pero propuso cambios en su financiamiento y funcionamiento"},"content":{"rendered":"\n<p><\/p>\n\n\n\n<p>El gobernador tucumano se diferenci\u00f3 del proyecto oficial y plante\u00f3 modificaciones al sistema electoral, en medio del debate por las primarias.<\/p>\n\n\n\n<figure class=\"wp-block-image size-full is-resized\"><img loading=\"lazy\" decoding=\"async\" width=\"275\" height=\"183\" src=\"https:\/\/tendenciaspoliticas.com\/wp-content\/uploads\/2026\/04\/image-389.png\" alt=\"\" class=\"wp-image-46018\" style=\"width:790px;height:auto\"\/><\/figure>\n\n\n\n<p>El gobernador de Tucum\u00e1n, Osvaldo Jaldo, ratific\u00f3 su respaldo a las elecciones primarias abiertas, simult\u00e1neas y obligatorias (PASO), aunque propuso introducir cambios en su funcionamiento. En particular, plante\u00f3 que las primarias no cuenten con financiamiento estatal y que no participen partidos con lista \u00fanica.<\/p>\n\n\n\n<p>La postura de Jaldo marca una diferencia con el proyecto impulsado por el Gobierno nacional, que propone modificaciones m\u00e1s profundas en el sistema electoral. El mandatario provincial busca mantener las PASO, pero con ajustes que, seg\u00fan explic\u00f3, permitir\u00edan optimizar su funcionamiento.<\/p>\n\n\n\n<p>El debate sobre las primarias se ha intensificado en el \u00e1mbito pol\u00edtico, con posiciones divergentes entre distintos sectores. Mientras algunos plantean su eliminaci\u00f3n, otros defienden su continuidad como herramienta de democratizaci\u00f3n interna de los partidos.<\/p>\n\n\n\n<p>La propuesta de limitar el financiamiento estatal apunta a reducir el gasto p\u00fablico, uno de los ejes centrales de la pol\u00edtica econ\u00f3mica actual. Sin embargo, tambi\u00e9n abre interrogantes sobre la equidad en la competencia electoral.<\/p>\n\n\n\n<p>El planteo de excluir a los partidos con lista \u00fanica busca evitar elecciones sin competencia real, una de las cr\u00edticas recurrentes al sistema. Este punto podr\u00eda generar consenso en algunos sectores pol\u00edticos.<\/p>\n\n\n\n<p>El posicionamiento de Jaldo refleja la complejidad del debate electoral y anticipa negociaciones intensas en el Congreso. La definici\u00f3n sobre el futuro de las PASO ser\u00e1 clave para el escenario pol\u00edtico de los pr\u00f3ximos a\u00f1os.<\/p>\n","protected":false},"excerpt":{"rendered":"<p>El gobernador tucumano se diferenci\u00f3 del proyecto oficial y plante\u00f3 modificaciones al sistema electoral, en&#8230;<\/p>\n","protected":false},"author":2,"featured_media":0,"comment_status":"open","ping_status":"open","sticky":false,"template":"","format":"standard","meta":{"footnotes":""},"categories":[13],"tags":[14],"class_list":["post-46017","post","type-post","status-publish","format-standard","hentry","category-ultima-noticia","tag-politica"],"_links":{"self":[{"href":"https:\/\/tendenciaspoliticas.com\/index.php?rest_route=\/wp\/v2\/posts\/46017","targetHints":{"allow":["GET"]}}],"collection":[{"href":"https:\/\/tendenciaspoliticas.com\/index.php?rest_route=\/wp\/v2\/posts"}],"about":[{"href":"https:\/\/tendenciaspoliticas.com\/index.php?rest_route=\/wp\/v2\/types\/post"}],"author":[{"embeddable":true,"href":"https:\/\/tendenciaspoliticas.com\/index.php?rest_route=\/wp\/v2\/users\/2"}],"replies":[{"embeddable":true,"href":"https:\/\/tendenciaspoliticas.com\/index.php?rest_route=%2Fwp%2Fv2%2Fcomments&post=46017"}],"version-history":[{"count":1,"href":"https:\/\/tendenciaspoliticas.com\/index.php?rest_route=\/wp\/v2\/posts\/46017\/revisions"}],"predecessor-version":[{"id":46019,"href":"https:\/\/tendenciaspoliticas.com\/index.php?rest_route=\/wp\/v2\/posts\/46017\/revisions\/46019"}],"wp:attachment":[{"href":"https:\/\/tendenciaspoliticas.com\/index.php?rest_route=%2Fwp%2Fv2%2Fmedia&parent=46017"}],"wp:term":[{"taxonomy":"category","embeddable":true,"href":"https:\/\/tendenciaspoliticas.com\/index.php?rest_route=%2Fwp%2Fv2%2Fcategories&post=46017"},{"taxonomy":"post_tag","embeddable":true,"href":"https:\/\/tendenciaspoliticas.com\/index.php?rest_route=%2Fwp%2Fv2%2Ftags&post=46017"}],"curies":[{"name":"wp","href":"https:\/\/api.w.org\/{rel}","templated":true}]}}