{"id":46014,"date":"2026-04-30T16:46:00","date_gmt":"2026-04-30T19:46:00","guid":{"rendered":"https:\/\/tendenciaspoliticas.com\/?p=46014"},"modified":"2026-04-30T07:47:28","modified_gmt":"2026-04-30T10:47:28","slug":"la-cgt-se-moviliza-a-plaza-de-mayo-y-analiza-un-nuevo-paro-general-contra-el-gobierno","status":"publish","type":"post","link":"https:\/\/tendenciaspoliticas.com\/?p=46014","title":{"rendered":"La CGT se moviliza a Plaza de Mayo y analiza un nuevo paro general contra el Gobierno"},"content":{"rendered":"\n<figure class=\"wp-block-image size-large\"><img loading=\"lazy\" decoding=\"async\" width=\"1024\" height=\"574\" src=\"https:\/\/tendenciaspoliticas.com\/wp-content\/uploads\/2026\/04\/image-388-1024x574.png\" alt=\"\" class=\"wp-image-46015\" srcset=\"https:\/\/tendenciaspoliticas.com\/wp-content\/uploads\/2026\/04\/image-388-1024x574.png 1024w, https:\/\/tendenciaspoliticas.com\/wp-content\/uploads\/2026\/04\/image-388-300x168.png 300w, https:\/\/tendenciaspoliticas.com\/wp-content\/uploads\/2026\/04\/image-388-768x431.png 768w, https:\/\/tendenciaspoliticas.com\/wp-content\/uploads\/2026\/04\/image-388.png 1200w\" sizes=\"auto, (max-width: 1024px) 100vw, 1024px\" \/><\/figure>\n\n\n\n<p>La central obrera intensifica su plan de lucha en rechazo a la reforma laboral y a las pol\u00edticas econ\u00f3micas impulsadas por la administraci\u00f3n Milei.<\/p>\n\n\n\n<p>La Confederaci\u00f3n General del Trabajo (CGT) convoc\u00f3 a una movilizaci\u00f3n a Plaza de Mayo en la previa del D\u00eda del Trabajador, en una muestra de rechazo a las pol\u00edticas econ\u00f3micas y laborales del Gobierno de Javier Milei. La protesta se enmarca en un plan de lucha que podr\u00eda escalar hacia un nuevo paro general.<\/p>\n\n\n\n<p>La central sindical cuestiona especialmente la reforma laboral impulsada por el Ejecutivo, as\u00ed como otras medidas que, seg\u00fan sostienen, afectan los derechos de los trabajadores. En este contexto, la movilizaci\u00f3n busca consolidar la unidad del movimiento obrero frente a las pol\u00edticas oficiales.<\/p>\n\n\n\n<p>Dirigentes de la CGT se\u00f1alaron que el Gobierno no ha mostrado disposici\u00f3n al di\u00e1logo en temas clave y advirtieron sobre el impacto de las decisiones econ\u00f3micas en el empleo y el poder adquisitivo. La convocatoria apunta a generar presi\u00f3n pol\u00edtica y visibilizar el malestar sindical.<\/p>\n\n\n\n<p>Desde el Ejecutivo, en tanto, defienden su programa econ\u00f3mico y sostienen que las reformas son necesarias para ordenar la econom\u00eda y promover el crecimiento. La relaci\u00f3n con los gremios se mantiene en un nivel de alta tensi\u00f3n.<\/p>\n\n\n\n<p>El posible llamado a un paro general representa un escenario de conflicto que podr\u00eda afectar la actividad econ\u00f3mica y la din\u00e1mica social en las pr\u00f3ximas semanas. La CGT evaluar\u00e1 los pasos a seguir en funci\u00f3n de la respuesta del Gobierno y de la evoluci\u00f3n de las negociaciones.<\/p>\n\n\n\n<p>El desarrollo de este conflicto ser\u00e1 clave para definir el clima social y pol\u00edtico en el corto plazo, en un contexto de reformas estructurales y resistencia sindical.<\/p>\n","protected":false},"excerpt":{"rendered":"<p>La central obrera intensifica su plan de lucha en rechazo a la reforma laboral y&#8230;<\/p>\n","protected":false},"author":2,"featured_media":0,"comment_status":"open","ping_status":"open","sticky":false,"template":"","format":"standard","meta":{"footnotes":""},"categories":[13],"tags":[14],"class_list":["post-46014","post","type-post","status-publish","format-standard","hentry","category-ultima-noticia","tag-politica"],"_links":{"self":[{"href":"https:\/\/tendenciaspoliticas.com\/index.php?rest_route=\/wp\/v2\/posts\/46014","targetHints":{"allow":["GET"]}}],"collection":[{"href":"https:\/\/tendenciaspoliticas.com\/index.php?rest_route=\/wp\/v2\/posts"}],"about":[{"href":"https:\/\/tendenciaspoliticas.com\/index.php?rest_route=\/wp\/v2\/types\/post"}],"author":[{"embeddable":true,"href":"https:\/\/tendenciaspoliticas.com\/index.php?rest_route=\/wp\/v2\/users\/2"}],"replies":[{"embeddable":true,"href":"https:\/\/tendenciaspoliticas.com\/index.php?rest_route=%2Fwp%2Fv2%2Fcomments&post=46014"}],"version-history":[{"count":1,"href":"https:\/\/tendenciaspoliticas.com\/index.php?rest_route=\/wp\/v2\/posts\/46014\/revisions"}],"predecessor-version":[{"id":46016,"href":"https:\/\/tendenciaspoliticas.com\/index.php?rest_route=\/wp\/v2\/posts\/46014\/revisions\/46016"}],"wp:attachment":[{"href":"https:\/\/tendenciaspoliticas.com\/index.php?rest_route=%2Fwp%2Fv2%2Fmedia&parent=46014"}],"wp:term":[{"taxonomy":"category","embeddable":true,"href":"https:\/\/tendenciaspoliticas.com\/index.php?rest_route=%2Fwp%2Fv2%2Fcategories&post=46014"},{"taxonomy":"post_tag","embeddable":true,"href":"https:\/\/tendenciaspoliticas.com\/index.php?rest_route=%2Fwp%2Fv2%2Ftags&post=46014"}],"curies":[{"name":"wp","href":"https:\/\/api.w.org\/{rel}","templated":true}]}}