{"id":46008,"date":"2026-04-30T07:46:21","date_gmt":"2026-04-30T10:46:21","guid":{"rendered":"https:\/\/tendenciaspoliticas.com\/?p=46008"},"modified":"2026-04-30T07:46:22","modified_gmt":"2026-04-30T10:46:22","slug":"el-gobierno-recurre-a-la-corte-suprema-para-frenar-la-doble-pension-de-cristina-kirchner","status":"publish","type":"post","link":"https:\/\/tendenciaspoliticas.com\/?p=46008","title":{"rendered":"El Gobierno recurre a la Corte Suprema para frenar la doble pensi\u00f3n de Cristina Kirchner"},"content":{"rendered":"\n<figure class=\"wp-block-image size-large\"><img loading=\"lazy\" decoding=\"async\" width=\"1024\" height=\"768\" src=\"https:\/\/tendenciaspoliticas.com\/wp-content\/uploads\/2026\/04\/image-386-1024x768.png\" alt=\"\" class=\"wp-image-46009\" srcset=\"https:\/\/tendenciaspoliticas.com\/wp-content\/uploads\/2026\/04\/image-386-1024x768.png 1024w, https:\/\/tendenciaspoliticas.com\/wp-content\/uploads\/2026\/04\/image-386-300x225.png 300w, https:\/\/tendenciaspoliticas.com\/wp-content\/uploads\/2026\/04\/image-386-768x576.png 768w, https:\/\/tendenciaspoliticas.com\/wp-content\/uploads\/2026\/04\/image-386-1536x1152.png 1536w, https:\/\/tendenciaspoliticas.com\/wp-content\/uploads\/2026\/04\/image-386.png 2000w\" sizes=\"auto, (max-width: 1024px) 100vw, 1024px\" \/><\/figure>\n\n\n\n<p>El Ejecutivo busca revertir el fallo que restituy\u00f3 el beneficio previsional a la ex presidenta, en un caso con impacto pol\u00edtico e institucional.<\/p>\n\n\n\n<p>El Gobierno nacional decidi\u00f3 apelar ante la Corte Suprema de Justicia la restituci\u00f3n de la pensi\u00f3n de privilegio a la ex presidenta Cristina Fern\u00e1ndez de Kirchner, luego de que un fallo judicial habilitara el cobro de una doble asignaci\u00f3n mediante una medida cautelar. La decisi\u00f3n fue impulsada por el Ministerio de Capital Humano, que solicit\u00f3 la anulaci\u00f3n de la resoluci\u00f3n.<\/p>\n\n\n\n<p>El caso gira en torno a la legalidad del cobro simult\u00e1neo de dos beneficios previsionales de privilegio, una cuesti\u00f3n que ha generado debate tanto en el \u00e1mbito judicial como pol\u00edtico. Desde el Ejecutivo sostienen que la medida judicial resulta improcedente y que es necesario que el m\u00e1ximo tribunal revise el criterio adoptado.<\/p>\n\n\n\n<p>La apelaci\u00f3n ante la Corte busca establecer un precedente sobre el alcance de este tipo de beneficios, en un contexto de revisi\u00f3n del gasto p\u00fablico y de las pol\u00edticas previsionales. En ese sentido, el Gobierno plantea que el fallo afecta principios de equidad y sostenibilidad del sistema.<\/p>\n\n\n\n<p>Por su parte, la defensa de la ex mandataria argumenta que la restituci\u00f3n se ajusta a derecho y que el beneficio corresponde en funci\u00f3n de su trayectoria institucional. El expediente, por lo tanto, abre un nuevo cap\u00edtulo en la disputa judicial en torno a los privilegios previsionales.<\/p>\n\n\n\n<p>La intervenci\u00f3n de la Corte Suprema ser\u00e1 clave para definir el alcance del fallo y su impacto en casos similares. Adem\u00e1s, el caso adquiere relevancia pol\u00edtica, ya que involucra a una de las principales figuras de la oposici\u00f3n.<\/p>\n\n\n\n<p>Se espera que el proceso judicial contin\u00fae en las pr\u00f3ximas semanas, con posibles repercusiones tanto en el \u00e1mbito jur\u00eddico como en la discusi\u00f3n p\u00fablica sobre los reg\u00edmenes especiales de jubilaci\u00f3n.<\/p>\n","protected":false},"excerpt":{"rendered":"<p>El Ejecutivo busca revertir el fallo que restituy\u00f3 el beneficio previsional a la ex presidenta,&#8230;<\/p>\n","protected":false},"author":2,"featured_media":0,"comment_status":"open","ping_status":"open","sticky":false,"template":"","format":"standard","meta":{"footnotes":""},"categories":[13],"tags":[14],"class_list":["post-46008","post","type-post","status-publish","format-standard","hentry","category-ultima-noticia","tag-politica"],"_links":{"self":[{"href":"https:\/\/tendenciaspoliticas.com\/index.php?rest_route=\/wp\/v2\/posts\/46008","targetHints":{"allow":["GET"]}}],"collection":[{"href":"https:\/\/tendenciaspoliticas.com\/index.php?rest_route=\/wp\/v2\/posts"}],"about":[{"href":"https:\/\/tendenciaspoliticas.com\/index.php?rest_route=\/wp\/v2\/types\/post"}],"author":[{"embeddable":true,"href":"https:\/\/tendenciaspoliticas.com\/index.php?rest_route=\/wp\/v2\/users\/2"}],"replies":[{"embeddable":true,"href":"https:\/\/tendenciaspoliticas.com\/index.php?rest_route=%2Fwp%2Fv2%2Fcomments&post=46008"}],"version-history":[{"count":1,"href":"https:\/\/tendenciaspoliticas.com\/index.php?rest_route=\/wp\/v2\/posts\/46008\/revisions"}],"predecessor-version":[{"id":46010,"href":"https:\/\/tendenciaspoliticas.com\/index.php?rest_route=\/wp\/v2\/posts\/46008\/revisions\/46010"}],"wp:attachment":[{"href":"https:\/\/tendenciaspoliticas.com\/index.php?rest_route=%2Fwp%2Fv2%2Fmedia&parent=46008"}],"wp:term":[{"taxonomy":"category","embeddable":true,"href":"https:\/\/tendenciaspoliticas.com\/index.php?rest_route=%2Fwp%2Fv2%2Fcategories&post=46008"},{"taxonomy":"post_tag","embeddable":true,"href":"https:\/\/tendenciaspoliticas.com\/index.php?rest_route=%2Fwp%2Fv2%2Ftags&post=46008"}],"curies":[{"name":"wp","href":"https:\/\/api.w.org\/{rel}","templated":true}]}}