{"id":46005,"date":"2026-04-30T07:45:33","date_gmt":"2026-04-30T10:45:33","guid":{"rendered":"https:\/\/tendenciaspoliticas.com\/?p=46005"},"modified":"2026-04-30T07:45:34","modified_gmt":"2026-04-30T10:45:34","slug":"cuestionan-al-gobierno-por-designaciones-judiciales-que-no-respetaron-el-orden-de-merito","status":"publish","type":"post","link":"https:\/\/tendenciaspoliticas.com\/?p=46005","title":{"rendered":"Cuestionan al Gobierno por designaciones judiciales que no respetaron el orden de m\u00e9rito"},"content":{"rendered":"\n<figure class=\"wp-block-image size-full is-resized\"><img loading=\"lazy\" decoding=\"async\" width=\"763\" height=\"508\" src=\"https:\/\/tendenciaspoliticas.com\/wp-content\/uploads\/2026\/04\/image-385.png\" alt=\"\" class=\"wp-image-46006\" style=\"width:790px;height:auto\" srcset=\"https:\/\/tendenciaspoliticas.com\/wp-content\/uploads\/2026\/04\/image-385.png 763w, https:\/\/tendenciaspoliticas.com\/wp-content\/uploads\/2026\/04\/image-385-300x200.png 300w\" sizes=\"auto, (max-width: 763px) 100vw, 763px\" \/><\/figure>\n\n\n\n<p>Un informe advierte que varios candidatos a jueces fueron incluidos en ternas pese a no cumplir con los criterios establecidos en evaluaciones previas.<\/p>\n\n\n\n<p>Un informe elaborado por una organizaci\u00f3n no gubernamental puso en duda el proceso de selecci\u00f3n de jueces impulsado por el Gobierno, al se\u00f1alar que 12 de los 67 candidatos incluidos en ternas no respetaron el orden de m\u00e9rito establecido por los ex\u00e1menes y antecedentes.<\/p>\n\n\n\n<p>Seg\u00fan el an\u00e1lisis, estos postulantes no habr\u00edan alcanzado los puntajes necesarios para integrar las listas finales, lo que abre interrogantes sobre los criterios utilizados en las designaciones. El informe sostiene que la inclusi\u00f3n de estos candidatos podr\u00eda afectar la transparencia del proceso y generar cuestionamientos institucionales.<\/p>\n\n\n\n<p>Desde distintos sectores se advierte que el respeto al orden de m\u00e9rito es un principio clave para garantizar la idoneidad y la independencia del Poder Judicial. En ese sentido, cualquier desviaci\u00f3n de estos criterios puede impactar en la credibilidad del sistema de selecci\u00f3n.<\/p>\n\n\n\n<p>El Gobierno, por su parte, no emiti\u00f3 una respuesta detallada sobre el informe, aunque en otras ocasiones ha defendido sus decisiones en materia de designaciones judiciales. La pol\u00e9mica se da en un contexto donde el funcionamiento de la Justicia y la relaci\u00f3n con el Ejecutivo se encuentran bajo debate.<\/p>\n\n\n\n<p>Especialistas en derecho constitucional se\u00f1alan que este tipo de cuestionamientos puede derivar en impugnaciones o revisiones de los procesos de selecci\u00f3n. Adem\u00e1s, advierten sobre la importancia de sostener mecanismos transparentes y objetivos para evitar conflictos institucionales.<\/p>\n\n\n\n<p>El tema podr\u00eda escalar en la agenda p\u00fablica y pol\u00edtica, especialmente si se presentan recursos formales o se profundiza el an\u00e1lisis sobre las designaciones cuestionadas.<\/p>\n","protected":false},"excerpt":{"rendered":"<p>Un informe advierte que varios candidatos a jueces fueron incluidos en ternas pese a no&#8230;<\/p>\n","protected":false},"author":2,"featured_media":0,"comment_status":"open","ping_status":"open","sticky":false,"template":"","format":"standard","meta":{"footnotes":""},"categories":[13],"tags":[14],"class_list":["post-46005","post","type-post","status-publish","format-standard","hentry","category-ultima-noticia","tag-politica"],"_links":{"self":[{"href":"https:\/\/tendenciaspoliticas.com\/index.php?rest_route=\/wp\/v2\/posts\/46005","targetHints":{"allow":["GET"]}}],"collection":[{"href":"https:\/\/tendenciaspoliticas.com\/index.php?rest_route=\/wp\/v2\/posts"}],"about":[{"href":"https:\/\/tendenciaspoliticas.com\/index.php?rest_route=\/wp\/v2\/types\/post"}],"author":[{"embeddable":true,"href":"https:\/\/tendenciaspoliticas.com\/index.php?rest_route=\/wp\/v2\/users\/2"}],"replies":[{"embeddable":true,"href":"https:\/\/tendenciaspoliticas.com\/index.php?rest_route=%2Fwp%2Fv2%2Fcomments&post=46005"}],"version-history":[{"count":1,"href":"https:\/\/tendenciaspoliticas.com\/index.php?rest_route=\/wp\/v2\/posts\/46005\/revisions"}],"predecessor-version":[{"id":46007,"href":"https:\/\/tendenciaspoliticas.com\/index.php?rest_route=\/wp\/v2\/posts\/46005\/revisions\/46007"}],"wp:attachment":[{"href":"https:\/\/tendenciaspoliticas.com\/index.php?rest_route=%2Fwp%2Fv2%2Fmedia&parent=46005"}],"wp:term":[{"taxonomy":"category","embeddable":true,"href":"https:\/\/tendenciaspoliticas.com\/index.php?rest_route=%2Fwp%2Fv2%2Fcategories&post=46005"},{"taxonomy":"post_tag","embeddable":true,"href":"https:\/\/tendenciaspoliticas.com\/index.php?rest_route=%2Fwp%2Fv2%2Ftags&post=46005"}],"curies":[{"name":"wp","href":"https:\/\/api.w.org\/{rel}","templated":true}]}}