{"id":46002,"date":"2026-04-30T16:44:00","date_gmt":"2026-04-30T19:44:00","guid":{"rendered":"https:\/\/tendenciaspoliticas.com\/?p=46002"},"modified":"2026-04-30T07:44:57","modified_gmt":"2026-04-30T10:44:57","slug":"diputados-oficialistas-denunciaron-a-pagano-por-presunto-enriquecimiento-ilicito","status":"publish","type":"post","link":"https:\/\/tendenciaspoliticas.com\/?p=46002","title":{"rendered":"Diputados oficialistas denunciaron a Pagano por presunto enriquecimiento il\u00edcito"},"content":{"rendered":"\n<figure class=\"wp-block-image size-large\"><img loading=\"lazy\" decoding=\"async\" width=\"1024\" height=\"631\" src=\"https:\/\/tendenciaspoliticas.com\/wp-content\/uploads\/2026\/04\/image-384-1024x631.png\" alt=\"\" class=\"wp-image-46003\" srcset=\"https:\/\/tendenciaspoliticas.com\/wp-content\/uploads\/2026\/04\/image-384-1024x631.png 1024w, https:\/\/tendenciaspoliticas.com\/wp-content\/uploads\/2026\/04\/image-384-300x185.png 300w, https:\/\/tendenciaspoliticas.com\/wp-content\/uploads\/2026\/04\/image-384-768x474.png 768w, https:\/\/tendenciaspoliticas.com\/wp-content\/uploads\/2026\/04\/image-384.png 1200w\" sizes=\"auto, (max-width: 1024px) 100vw, 1024px\" \/><\/figure>\n\n\n\n<p>La presentaci\u00f3n judicial fue realizada ante el juzgado federal de Mar\u00eda Servini y suma un nuevo frente de conflicto pol\u00edtico y judicial.<\/p>\n\n\n\n<p>Un grupo de diputados de La Libertad Avanza present\u00f3 una denuncia por presunto enriquecimiento il\u00edcito contra el dirigente Pagano, en una causa que ya qued\u00f3 radicada en el juzgado federal a cargo de Mar\u00eda Servini. La iniciativa fue impulsada por legisladores del oficialismo, quienes solicitaron que se investigue la evoluci\u00f3n patrimonial del acusado.<\/p>\n\n\n\n<p>La denuncia incluye pedidos de medidas de prueba orientadas a analizar los ingresos, bienes y movimientos financieros del dirigente, con el objetivo de detectar posibles inconsistencias. Seg\u00fan los denunciantes, existen elementos que justifican la apertura de una investigaci\u00f3n judicial.<\/p>\n\n\n\n<p>Desde el entorno de Pagano rechazaron las acusaciones y las calificaron como una maniobra pol\u00edtica. En ese sentido, sostienen que la denuncia carece de fundamentos s\u00f3lidos y responde a una estrategia de confrontaci\u00f3n impulsada desde el oficialismo.<\/p>\n\n\n\n<p>El caso se suma a una serie de conflictos judiciales que involucran a distintos actores pol\u00edticos, en un contexto donde las denuncias cruzadas se multiplican. Este tipo de situaciones contribuye a elevar la tensi\u00f3n pol\u00edtica y a trasladar disputas al \u00e1mbito judicial.<\/p>\n\n\n\n<p>La intervenci\u00f3n del juzgado federal implicar\u00e1 ahora el an\u00e1lisis preliminar de la denuncia para determinar si corresponde avanzar con la investigaci\u00f3n. Este proceso incluye la evaluaci\u00f3n de las pruebas presentadas y la eventual solicitud de nuevas medidas.<\/p>\n\n\n\n<p>El desarrollo de la causa ser\u00e1 seguido de cerca por el \u00e1mbito pol\u00edtico, dado que puede tener implicancias tanto judiciales como en la din\u00e1mica de confrontaci\u00f3n entre oficialismo y oposici\u00f3n.<\/p>\n","protected":false},"excerpt":{"rendered":"<p>La presentaci\u00f3n judicial fue realizada ante el juzgado federal de Mar\u00eda Servini y suma un&#8230;<\/p>\n","protected":false},"author":2,"featured_media":0,"comment_status":"open","ping_status":"open","sticky":false,"template":"","format":"standard","meta":{"footnotes":""},"categories":[1],"tags":[14],"class_list":["post-46002","post","type-post","status-publish","format-standard","hentry","category-politica","tag-politica"],"_links":{"self":[{"href":"https:\/\/tendenciaspoliticas.com\/index.php?rest_route=\/wp\/v2\/posts\/46002","targetHints":{"allow":["GET"]}}],"collection":[{"href":"https:\/\/tendenciaspoliticas.com\/index.php?rest_route=\/wp\/v2\/posts"}],"about":[{"href":"https:\/\/tendenciaspoliticas.com\/index.php?rest_route=\/wp\/v2\/types\/post"}],"author":[{"embeddable":true,"href":"https:\/\/tendenciaspoliticas.com\/index.php?rest_route=\/wp\/v2\/users\/2"}],"replies":[{"embeddable":true,"href":"https:\/\/tendenciaspoliticas.com\/index.php?rest_route=%2Fwp%2Fv2%2Fcomments&post=46002"}],"version-history":[{"count":1,"href":"https:\/\/tendenciaspoliticas.com\/index.php?rest_route=\/wp\/v2\/posts\/46002\/revisions"}],"predecessor-version":[{"id":46004,"href":"https:\/\/tendenciaspoliticas.com\/index.php?rest_route=\/wp\/v2\/posts\/46002\/revisions\/46004"}],"wp:attachment":[{"href":"https:\/\/tendenciaspoliticas.com\/index.php?rest_route=%2Fwp%2Fv2%2Fmedia&parent=46002"}],"wp:term":[{"taxonomy":"category","embeddable":true,"href":"https:\/\/tendenciaspoliticas.com\/index.php?rest_route=%2Fwp%2Fv2%2Fcategories&post=46002"},{"taxonomy":"post_tag","embeddable":true,"href":"https:\/\/tendenciaspoliticas.com\/index.php?rest_route=%2Fwp%2Fv2%2Ftags&post=46002"}],"curies":[{"name":"wp","href":"https:\/\/api.w.org\/{rel}","templated":true}]}}