{"id":45999,"date":"2026-04-30T16:43:00","date_gmt":"2026-04-30T19:43:00","guid":{"rendered":"https:\/\/tendenciaspoliticas.com\/?p=45999"},"modified":"2026-04-30T07:44:25","modified_gmt":"2026-04-30T10:44:25","slug":"el-fiscal-investiga-el-patrimonio-de-adorni-y-pide-un-analisis-financiero-detallado","status":"publish","type":"post","link":"https:\/\/tendenciaspoliticas.com\/?p=45999","title":{"rendered":"El fiscal investiga el patrimonio de Adorni y pide un an\u00e1lisis financiero detallado"},"content":{"rendered":"\n<p>La Justicia busca determinar si existen inconsistencias entre ingresos y gastos del jefe de Gabinete, en el marco de una causa que gana relevancia pol\u00edtica.<\/p>\n\n\n\n<figure class=\"wp-block-image size-large\"><img loading=\"lazy\" decoding=\"async\" width=\"1024\" height=\"576\" src=\"https:\/\/tendenciaspoliticas.com\/wp-content\/uploads\/2026\/04\/image-383-1024x576.png\" alt=\"\" class=\"wp-image-46000\" srcset=\"https:\/\/tendenciaspoliticas.com\/wp-content\/uploads\/2026\/04\/image-383-1024x576.png 1024w, https:\/\/tendenciaspoliticas.com\/wp-content\/uploads\/2026\/04\/image-383-300x169.png 300w, https:\/\/tendenciaspoliticas.com\/wp-content\/uploads\/2026\/04\/image-383-768x432.png 768w, https:\/\/tendenciaspoliticas.com\/wp-content\/uploads\/2026\/04\/image-383.png 1200w\" sizes=\"auto, (max-width: 1024px) 100vw, 1024px\" \/><\/figure>\n\n\n\n<p>La investigaci\u00f3n judicial sobre el patrimonio del jefe de Gabinete, Manuel Adorni, sum\u00f3 un nuevo cap\u00edtulo con la intervenci\u00f3n del fiscal a cargo, quien solicit\u00f3 a la Procuraci\u00f3n General un an\u00e1lisis financiero exhaustivo. El objetivo es determinar si existen inconsistencias entre los ingresos declarados y los movimientos econ\u00f3micos registrados.<\/p>\n\n\n\n<p>El pedido apunta a que un organismo especializado eval\u00fae la evoluci\u00f3n patrimonial del funcionario, en el marco de una causa que podr\u00eda derivar en nuevas medidas judiciales. La investigaci\u00f3n se centra en detectar posibles irregularidades que no puedan ser justificadas con los ingresos formales declarados.<\/p>\n\n\n\n<p>Desde el entorno de Adorni sostienen que no existen irregularidades y que toda la informaci\u00f3n patrimonial puede ser debidamente explicada. Sin embargo, el avance del expediente refleja la creciente atenci\u00f3n judicial sobre el caso, en paralelo a la presi\u00f3n pol\u00edtica que enfrenta el Gobierno.<\/p>\n\n\n\n<p>El an\u00e1lisis t\u00e9cnico solicitado por el fiscal es una instancia clave, ya que podr\u00eda aportar elementos objetivos para definir el rumbo de la causa. Este tipo de peritajes suele ser determinante en investigaciones vinculadas a presunto enriquecimiento il\u00edcito o irregularidades financieras.<\/p>\n\n\n\n<p>El caso se inscribe en un contexto de mayor escrutinio sobre los funcionarios p\u00fablicos, donde las cuestiones patrimoniales adquieren relevancia tanto judicial como pol\u00edtica. La evoluci\u00f3n de la causa ser\u00e1 seguida de cerca por distintos actores, dado su potencial impacto en el escenario institucional.<\/p>\n\n\n\n<p>En las pr\u00f3ximas semanas, se espera que el informe t\u00e9cnico aporte definiciones sobre la consistencia de los datos analizados, lo que podr\u00eda influir en las decisiones judiciales futuras.<\/p>\n","protected":false},"excerpt":{"rendered":"<p>La Justicia busca determinar si existen inconsistencias entre ingresos y gastos del jefe de Gabinete,&#8230;<\/p>\n","protected":false},"author":2,"featured_media":0,"comment_status":"open","ping_status":"open","sticky":false,"template":"","format":"standard","meta":{"footnotes":""},"categories":[1],"tags":[14],"class_list":["post-45999","post","type-post","status-publish","format-standard","hentry","category-politica","tag-politica"],"_links":{"self":[{"href":"https:\/\/tendenciaspoliticas.com\/index.php?rest_route=\/wp\/v2\/posts\/45999","targetHints":{"allow":["GET"]}}],"collection":[{"href":"https:\/\/tendenciaspoliticas.com\/index.php?rest_route=\/wp\/v2\/posts"}],"about":[{"href":"https:\/\/tendenciaspoliticas.com\/index.php?rest_route=\/wp\/v2\/types\/post"}],"author":[{"embeddable":true,"href":"https:\/\/tendenciaspoliticas.com\/index.php?rest_route=\/wp\/v2\/users\/2"}],"replies":[{"embeddable":true,"href":"https:\/\/tendenciaspoliticas.com\/index.php?rest_route=%2Fwp%2Fv2%2Fcomments&post=45999"}],"version-history":[{"count":1,"href":"https:\/\/tendenciaspoliticas.com\/index.php?rest_route=\/wp\/v2\/posts\/45999\/revisions"}],"predecessor-version":[{"id":46001,"href":"https:\/\/tendenciaspoliticas.com\/index.php?rest_route=\/wp\/v2\/posts\/45999\/revisions\/46001"}],"wp:attachment":[{"href":"https:\/\/tendenciaspoliticas.com\/index.php?rest_route=%2Fwp%2Fv2%2Fmedia&parent=45999"}],"wp:term":[{"taxonomy":"category","embeddable":true,"href":"https:\/\/tendenciaspoliticas.com\/index.php?rest_route=%2Fwp%2Fv2%2Fcategories&post=45999"},{"taxonomy":"post_tag","embeddable":true,"href":"https:\/\/tendenciaspoliticas.com\/index.php?rest_route=%2Fwp%2Fv2%2Ftags&post=45999"}],"curies":[{"name":"wp","href":"https:\/\/api.w.org\/{rel}","templated":true}]}}