{"id":45996,"date":"2026-04-30T07:43:48","date_gmt":"2026-04-30T10:43:48","guid":{"rendered":"https:\/\/tendenciaspoliticas.com\/?p=45996"},"modified":"2026-04-30T07:43:49","modified_gmt":"2026-04-30T10:43:49","slug":"tension-en-el-congreso-insultos-acusaciones-y-nuevos-datos-reavivan-la-crisis-politica","status":"publish","type":"post","link":"https:\/\/tendenciaspoliticas.com\/?p=45996","title":{"rendered":"Tensi\u00f3n en el Congreso: insultos, acusaciones y nuevos datos reavivan la crisis pol\u00edtica"},"content":{"rendered":"\n<figure class=\"wp-block-image size-large\"><img loading=\"lazy\" decoding=\"async\" width=\"1024\" height=\"576\" src=\"https:\/\/tendenciaspoliticas.com\/wp-content\/uploads\/2026\/04\/image-382-1024x576.png\" alt=\"\" class=\"wp-image-45997\" srcset=\"https:\/\/tendenciaspoliticas.com\/wp-content\/uploads\/2026\/04\/image-382-1024x576.png 1024w, https:\/\/tendenciaspoliticas.com\/wp-content\/uploads\/2026\/04\/image-382-300x169.png 300w, https:\/\/tendenciaspoliticas.com\/wp-content\/uploads\/2026\/04\/image-382-768x432.png 768w, https:\/\/tendenciaspoliticas.com\/wp-content\/uploads\/2026\/04\/image-382.png 1280w\" sizes=\"auto, (max-width: 1024px) 100vw, 1024px\" \/><\/figure>\n\n\n\n<p>El Presidente enfrent\u00f3 un clima hostil en su llegada al Parlamento, con cruces con la oposici\u00f3n y revelaciones que vuelven a poner el foco en el entorno oficial.<\/p>\n\n\n\n<p>La jornada en el Congreso estuvo marcada por un clima de alta tensi\u00f3n pol\u00edtica, con fuertes cruces entre el oficialismo y la oposici\u00f3n durante la presencia del presidente Javier Milei. El mandatario lleg\u00f3 acompa\u00f1ado por una numerosa comitiva, en un contexto atravesado por acusaciones y cuestionamientos que escalaron en el recinto.<\/p>\n\n\n\n<p>Uno de los momentos m\u00e1s \u00e1lgidos se produjo cuando legisladores opositores lanzaron duras cr\u00edticas, incluyendo insultos, en medio de un debate que evidenci\u00f3 la creciente polarizaci\u00f3n pol\u00edtica. En ese marco, el diputado Rodolfo Tailhade expuso nuevos datos vinculados al jefe de Gabinete, Manuel Adorni, y su entorno familiar, lo que increment\u00f3 la tensi\u00f3n en el recinto.<\/p>\n\n\n\n<p>Las acusaciones se suman a una serie de cuestionamientos previos que giran en torno a la transparencia de la gesti\u00f3n y la situaci\u00f3n patrimonial de algunos funcionarios. Desde el oficialismo, en tanto, rechazaron los planteos y denunciaron una ofensiva pol\u00edtica orientada a desgastar al Gobierno.<\/p>\n\n\n\n<p>El episodio refleja el deterioro del clima parlamentario, donde los debates tienden a escalar hacia confrontaciones personales y acusaciones cruzadas. La din\u00e1mica se da en un contexto en el que el oficialismo enfrenta dificultades para consolidar apoyos legislativos y avanzar con su agenda.<\/p>\n\n\n\n<p>Analistas pol\u00edticos advierten que este tipo de episodios impacta en la calidad institucional y en la posibilidad de construir consensos en el Congreso. Mientras tanto, el Gobierno busca sostener su narrativa de confrontaci\u00f3n con sectores opositores, en una estrategia que combina defensa pol\u00edtica y posicionamiento p\u00fablico.<\/p>\n\n\n\n<p>El escenario anticipa nuevas jornadas de tensi\u00f3n en el Parlamento, en un contexto donde los conflictos pol\u00edticos se intensifican y adquieren mayor visibilidad.<\/p>\n","protected":false},"excerpt":{"rendered":"<p>El Presidente enfrent\u00f3 un clima hostil en su llegada al Parlamento, con cruces con la&#8230;<\/p>\n","protected":false},"author":2,"featured_media":0,"comment_status":"open","ping_status":"open","sticky":false,"template":"","format":"standard","meta":{"footnotes":""},"categories":[1],"tags":[14],"class_list":["post-45996","post","type-post","status-publish","format-standard","hentry","category-politica","tag-politica"],"_links":{"self":[{"href":"https:\/\/tendenciaspoliticas.com\/index.php?rest_route=\/wp\/v2\/posts\/45996","targetHints":{"allow":["GET"]}}],"collection":[{"href":"https:\/\/tendenciaspoliticas.com\/index.php?rest_route=\/wp\/v2\/posts"}],"about":[{"href":"https:\/\/tendenciaspoliticas.com\/index.php?rest_route=\/wp\/v2\/types\/post"}],"author":[{"embeddable":true,"href":"https:\/\/tendenciaspoliticas.com\/index.php?rest_route=\/wp\/v2\/users\/2"}],"replies":[{"embeddable":true,"href":"https:\/\/tendenciaspoliticas.com\/index.php?rest_route=%2Fwp%2Fv2%2Fcomments&post=45996"}],"version-history":[{"count":1,"href":"https:\/\/tendenciaspoliticas.com\/index.php?rest_route=\/wp\/v2\/posts\/45996\/revisions"}],"predecessor-version":[{"id":45998,"href":"https:\/\/tendenciaspoliticas.com\/index.php?rest_route=\/wp\/v2\/posts\/45996\/revisions\/45998"}],"wp:attachment":[{"href":"https:\/\/tendenciaspoliticas.com\/index.php?rest_route=%2Fwp%2Fv2%2Fmedia&parent=45996"}],"wp:term":[{"taxonomy":"category","embeddable":true,"href":"https:\/\/tendenciaspoliticas.com\/index.php?rest_route=%2Fwp%2Fv2%2Fcategories&post=45996"},{"taxonomy":"post_tag","embeddable":true,"href":"https:\/\/tendenciaspoliticas.com\/index.php?rest_route=%2Fwp%2Fv2%2Ftags&post=45996"}],"curies":[{"name":"wp","href":"https:\/\/api.w.org\/{rel}","templated":true}]}}