{"id":45993,"date":"2026-04-30T07:42:32","date_gmt":"2026-04-30T10:42:32","guid":{"rendered":"https:\/\/tendenciaspoliticas.com\/?p=45993"},"modified":"2026-04-30T07:42:32","modified_gmt":"2026-04-30T10:42:32","slug":"adorni-defendio-su-gestion-en-el-congreso-y-descarto-renunciar-tras-las-acusaciones","status":"publish","type":"post","link":"https:\/\/tendenciaspoliticas.com\/?p=45993","title":{"rendered":"Adorni defendi\u00f3 su gesti\u00f3n en el Congreso y descart\u00f3 renunciar tras las acusaciones"},"content":{"rendered":"\n<figure class=\"wp-block-image size-full\"><img loading=\"lazy\" decoding=\"async\" width=\"1024\" height=\"494\" src=\"https:\/\/tendenciaspoliticas.com\/wp-content\/uploads\/2026\/04\/image-381.png\" alt=\"\" class=\"wp-image-45994\" srcset=\"https:\/\/tendenciaspoliticas.com\/wp-content\/uploads\/2026\/04\/image-381.png 1024w, https:\/\/tendenciaspoliticas.com\/wp-content\/uploads\/2026\/04\/image-381-300x145.png 300w, https:\/\/tendenciaspoliticas.com\/wp-content\/uploads\/2026\/04\/image-381-768x371.png 768w\" sizes=\"auto, (max-width: 1024px) 100vw, 1024px\" \/><\/figure>\n\n\n\n<p>El jefe de Gabinete neg\u00f3 haber cometido delitos y sostuvo su continuidad en el cargo durante una extensa exposici\u00f3n ante legisladores, en medio de cuestionamientos pol\u00edticos.<\/p>\n\n\n\n<p>El jefe de Gabinete, Manuel Adorni, protagoniz\u00f3 una extensa jornada en el Congreso donde defendi\u00f3 su gesti\u00f3n frente a una serie de cuestionamientos de la oposici\u00f3n y descart\u00f3 de manera categ\u00f3rica la posibilidad de renunciar. Durante m\u00e1s de siete horas de exposici\u00f3n, el funcionario neg\u00f3 haber cometido delitos y sostuvo que su accionar se enmarca dentro de la legalidad y las responsabilidades de su cargo.<\/p>\n\n\n\n<p>Rodeado por funcionarios del Gobierno, Adorni respondi\u00f3 preguntas de legisladores en un clima de tensi\u00f3n pol\u00edtica, marcado por las cr\u00edticas a su desempe\u00f1o y a distintas decisiones administrativas recientes. En ese contexto, insisti\u00f3 en que no existen fundamentos jur\u00eddicos para las acusaciones en su contra y calific\u00f3 los cuestionamientos como parte de una estrategia pol\u00edtica para debilitar al Ejecutivo.<\/p>\n\n\n\n<p>La presentaci\u00f3n del jefe de Gabinete se produjo en un escenario de creciente presi\u00f3n opositora, que reclama explicaciones sobre diversos temas vinculados a la gesti\u00f3n. A lo largo de su intervenci\u00f3n, el funcionario busc\u00f3 reforzar la postura oficial, remarcando la transparencia de los procesos y la disposici\u00f3n del Gobierno a brindar informaci\u00f3n ante los requerimientos institucionales.<\/p>\n\n\n\n<p>El debate en el Congreso dej\u00f3 en evidencia la profundizaci\u00f3n de las diferencias entre el oficialismo y la oposici\u00f3n, en un momento clave para la agenda pol\u00edtica. Mientras desde el Gobierno destacan la exposici\u00f3n como un ejercicio de rendici\u00f3n de cuentas, sectores opositores consideran insuficientas las explicaciones y anticipan que continuar\u00e1n impulsando acciones para avanzar en las investigaciones.<\/p>\n\n\n\n<p>La situaci\u00f3n abre un nuevo cap\u00edtulo en la din\u00e1mica parlamentaria y pol\u00edtica, con impacto directo en la estabilidad del gabinete y en el desarrollo de la agenda legislativa en las pr\u00f3ximas semanas.<\/p>\n","protected":false},"excerpt":{"rendered":"<p>El jefe de Gabinete neg\u00f3 haber cometido delitos y sostuvo su continuidad en el cargo&#8230;<\/p>\n","protected":false},"author":2,"featured_media":0,"comment_status":"open","ping_status":"open","sticky":false,"template":"","format":"standard","meta":{"footnotes":""},"categories":[1],"tags":[14],"class_list":["post-45993","post","type-post","status-publish","format-standard","hentry","category-politica","tag-politica"],"_links":{"self":[{"href":"https:\/\/tendenciaspoliticas.com\/index.php?rest_route=\/wp\/v2\/posts\/45993","targetHints":{"allow":["GET"]}}],"collection":[{"href":"https:\/\/tendenciaspoliticas.com\/index.php?rest_route=\/wp\/v2\/posts"}],"about":[{"href":"https:\/\/tendenciaspoliticas.com\/index.php?rest_route=\/wp\/v2\/types\/post"}],"author":[{"embeddable":true,"href":"https:\/\/tendenciaspoliticas.com\/index.php?rest_route=\/wp\/v2\/users\/2"}],"replies":[{"embeddable":true,"href":"https:\/\/tendenciaspoliticas.com\/index.php?rest_route=%2Fwp%2Fv2%2Fcomments&post=45993"}],"version-history":[{"count":1,"href":"https:\/\/tendenciaspoliticas.com\/index.php?rest_route=\/wp\/v2\/posts\/45993\/revisions"}],"predecessor-version":[{"id":45995,"href":"https:\/\/tendenciaspoliticas.com\/index.php?rest_route=\/wp\/v2\/posts\/45993\/revisions\/45995"}],"wp:attachment":[{"href":"https:\/\/tendenciaspoliticas.com\/index.php?rest_route=%2Fwp%2Fv2%2Fmedia&parent=45993"}],"wp:term":[{"taxonomy":"category","embeddable":true,"href":"https:\/\/tendenciaspoliticas.com\/index.php?rest_route=%2Fwp%2Fv2%2Fcategories&post=45993"},{"taxonomy":"post_tag","embeddable":true,"href":"https:\/\/tendenciaspoliticas.com\/index.php?rest_route=%2Fwp%2Fv2%2Ftags&post=45993"}],"curies":[{"name":"wp","href":"https:\/\/api.w.org\/{rel}","templated":true}]}}