{"id":45990,"date":"2026-04-29T06:56:22","date_gmt":"2026-04-29T09:56:22","guid":{"rendered":"https:\/\/tendenciaspoliticas.com\/?p=45990"},"modified":"2026-04-29T06:56:22","modified_gmt":"2026-04-29T09:56:22","slug":"la-justicia-habilita-un-megaproyecto-minero-tras-un-conflicto-entre-provincias","status":"publish","type":"post","link":"https:\/\/tendenciaspoliticas.com\/?p=45990","title":{"rendered":"La Justicia habilita un megaproyecto minero tras un conflicto entre provincias"},"content":{"rendered":"\n<p>Una cautelar permiti\u00f3 retomar la iniciativa que prev\u00e9 inversiones por US$18.000 millones.<\/p>\n\n\n\n<figure class=\"wp-block-image size-full\"><img loading=\"lazy\" decoding=\"async\" width=\"1000\" height=\"600\" src=\"https:\/\/tendenciaspoliticas.com\/wp-content\/uploads\/2026\/04\/image-380.png\" alt=\"\" class=\"wp-image-45991\" srcset=\"https:\/\/tendenciaspoliticas.com\/wp-content\/uploads\/2026\/04\/image-380.png 1000w, https:\/\/tendenciaspoliticas.com\/wp-content\/uploads\/2026\/04\/image-380-300x180.png 300w, https:\/\/tendenciaspoliticas.com\/wp-content\/uploads\/2026\/04\/image-380-768x461.png 768w\" sizes=\"auto, (max-width: 1000px) 100vw, 1000px\" \/><\/figure>\n\n\n\n<p>Un fallo judicial destrab\u00f3 la continuidad de un ambicioso proyecto minero que hab\u00eda quedado frenado por un conflicto entre provincias. La iniciativa, impulsada por las empresas BHP y Lundin Mining, contempla una inversi\u00f3n estimada en 18.000 millones de d\u00f3lares.<\/p>\n\n\n\n<p>El conflicto se origin\u00f3 por disputas territoriales y reclamos ambientales que derivaron en bloqueos y medidas administrativas. La intervenci\u00f3n de la Justicia permiti\u00f3 reactivar el proyecto mediante una cautelar.<\/p>\n\n\n\n<p>Desde el sector destacan la magnitud de la inversi\u00f3n y su potencial impacto en la econom\u00eda regional. Sin embargo, tambi\u00e9n advierten que persisten tensiones que podr\u00edan afectar el desarrollo.<\/p>\n\n\n\n<p>El caso refleja los desaf\u00edos que enfrentan los grandes proyectos en Argentina, donde factores pol\u00edticos, ambientales y judiciales suelen entrecruzarse. La coordinaci\u00f3n entre jurisdicciones aparece como un elemento clave.<\/p>\n\n\n\n<p>La continuidad del proyecto depender\u00e1 de la evoluci\u00f3n del conflicto y de la capacidad de las partes para alcanzar acuerdos. Mientras tanto, el fallo representa un alivio para los inversores.<\/p>\n","protected":false},"excerpt":{"rendered":"<p>Una cautelar permiti\u00f3 retomar la iniciativa que prev\u00e9 inversiones por US$18.000 millones. Un fallo judicial&#8230;<\/p>\n","protected":false},"author":2,"featured_media":0,"comment_status":"open","ping_status":"open","sticky":false,"template":"","format":"standard","meta":{"footnotes":""},"categories":[10],"tags":[15],"class_list":["post-45990","post","type-post","status-publish","format-standard","hentry","category-economia","tag-economia"],"_links":{"self":[{"href":"https:\/\/tendenciaspoliticas.com\/index.php?rest_route=\/wp\/v2\/posts\/45990","targetHints":{"allow":["GET"]}}],"collection":[{"href":"https:\/\/tendenciaspoliticas.com\/index.php?rest_route=\/wp\/v2\/posts"}],"about":[{"href":"https:\/\/tendenciaspoliticas.com\/index.php?rest_route=\/wp\/v2\/types\/post"}],"author":[{"embeddable":true,"href":"https:\/\/tendenciaspoliticas.com\/index.php?rest_route=\/wp\/v2\/users\/2"}],"replies":[{"embeddable":true,"href":"https:\/\/tendenciaspoliticas.com\/index.php?rest_route=%2Fwp%2Fv2%2Fcomments&post=45990"}],"version-history":[{"count":1,"href":"https:\/\/tendenciaspoliticas.com\/index.php?rest_route=\/wp\/v2\/posts\/45990\/revisions"}],"predecessor-version":[{"id":45992,"href":"https:\/\/tendenciaspoliticas.com\/index.php?rest_route=\/wp\/v2\/posts\/45990\/revisions\/45992"}],"wp:attachment":[{"href":"https:\/\/tendenciaspoliticas.com\/index.php?rest_route=%2Fwp%2Fv2%2Fmedia&parent=45990"}],"wp:term":[{"taxonomy":"category","embeddable":true,"href":"https:\/\/tendenciaspoliticas.com\/index.php?rest_route=%2Fwp%2Fv2%2Fcategories&post=45990"},{"taxonomy":"post_tag","embeddable":true,"href":"https:\/\/tendenciaspoliticas.com\/index.php?rest_route=%2Fwp%2Fv2%2Ftags&post=45990"}],"curies":[{"name":"wp","href":"https:\/\/api.w.org\/{rel}","templated":true}]}}