{"id":45984,"date":"2026-04-29T06:55:17","date_gmt":"2026-04-29T09:55:17","guid":{"rendered":"https:\/\/tendenciaspoliticas.com\/?p=45984"},"modified":"2026-04-29T06:55:18","modified_gmt":"2026-04-29T09:55:18","slug":"el-pj-federal-se-reorganiza-sin-candidatos-y-busca-construir-una-alternativa-para-2027","status":"publish","type":"post","link":"https:\/\/tendenciaspoliticas.com\/?p=45984","title":{"rendered":"El PJ federal se reorganiza sin candidatos y busca construir una alternativa para 2027"},"content":{"rendered":"\n<p>Dirigentes de distintos espacios impulsan un armado que prioriza ideas antes que nombres propios.<\/p>\n\n\n\n<figure class=\"wp-block-image size-large\"><img loading=\"lazy\" decoding=\"async\" width=\"1024\" height=\"573\" src=\"https:\/\/tendenciaspoliticas.com\/wp-content\/uploads\/2026\/04\/image-378-1024x573.png\" alt=\"\" class=\"wp-image-45985\" srcset=\"https:\/\/tendenciaspoliticas.com\/wp-content\/uploads\/2026\/04\/image-378-1024x573.png 1024w, https:\/\/tendenciaspoliticas.com\/wp-content\/uploads\/2026\/04\/image-378-300x168.png 300w, https:\/\/tendenciaspoliticas.com\/wp-content\/uploads\/2026\/04\/image-378-768x430.png 768w, https:\/\/tendenciaspoliticas.com\/wp-content\/uploads\/2026\/04\/image-378.png 1440w\" sizes=\"auto, (max-width: 1024px) 100vw, 1024px\" \/><\/figure>\n\n\n\n<p>Un grupo de referentes del peronismo comenz\u00f3 a delinear un nuevo espacio pol\u00edtico con la mira puesta en las elecciones presidenciales de 2027. El encuentro, realizado en Parque Norte, reuni\u00f3 a dirigentes como Victoria Tolosa Paz, Guillermo Michel y Juan Manuel Olmos.<\/p>\n\n\n\n<p>La particularidad del armado es la decisi\u00f3n de excluir, en esta etapa, a figuras con aspiraciones presidenciales. El objetivo es priorizar la discusi\u00f3n program\u00e1tica y evitar disputas internas que condicionen el proceso.<\/p>\n\n\n\n<p>Desde el espacio se\u00f1alan que buscan construir una alternativa amplia, con eje en propuestas econ\u00f3micas y sociales que puedan interpelar a distintos sectores. Tambi\u00e9n apuntan a recuperar territorialidad y fortalecer v\u00ednculos con sindicatos e intendentes.<\/p>\n\n\n\n<p>El contexto de fragmentaci\u00f3n del peronismo impulsa este tipo de iniciativas, en un escenario donde no hay liderazgos claros. La estrategia apunta a consolidar un espacio competitivo de cara al mediano plazo.<\/p>\n\n\n\n<p>El desaf\u00edo ser\u00e1 sostener la cohesi\u00f3n interna y traducir el debate en propuestas concretas. Por ahora, el proceso est\u00e1 en etapa inicial, pero marca un movimiento dentro del tablero pol\u00edtico.<\/p>\n","protected":false},"excerpt":{"rendered":"<p>Dirigentes de distintos espacios impulsan un armado que prioriza ideas antes que nombres propios. Un&#8230;<\/p>\n","protected":false},"author":2,"featured_media":0,"comment_status":"open","ping_status":"open","sticky":false,"template":"","format":"standard","meta":{"footnotes":""},"categories":[13],"tags":[14],"class_list":["post-45984","post","type-post","status-publish","format-standard","hentry","category-ultima-noticia","tag-politica"],"_links":{"self":[{"href":"https:\/\/tendenciaspoliticas.com\/index.php?rest_route=\/wp\/v2\/posts\/45984","targetHints":{"allow":["GET"]}}],"collection":[{"href":"https:\/\/tendenciaspoliticas.com\/index.php?rest_route=\/wp\/v2\/posts"}],"about":[{"href":"https:\/\/tendenciaspoliticas.com\/index.php?rest_route=\/wp\/v2\/types\/post"}],"author":[{"embeddable":true,"href":"https:\/\/tendenciaspoliticas.com\/index.php?rest_route=\/wp\/v2\/users\/2"}],"replies":[{"embeddable":true,"href":"https:\/\/tendenciaspoliticas.com\/index.php?rest_route=%2Fwp%2Fv2%2Fcomments&post=45984"}],"version-history":[{"count":1,"href":"https:\/\/tendenciaspoliticas.com\/index.php?rest_route=\/wp\/v2\/posts\/45984\/revisions"}],"predecessor-version":[{"id":45986,"href":"https:\/\/tendenciaspoliticas.com\/index.php?rest_route=\/wp\/v2\/posts\/45984\/revisions\/45986"}],"wp:attachment":[{"href":"https:\/\/tendenciaspoliticas.com\/index.php?rest_route=%2Fwp%2Fv2%2Fmedia&parent=45984"}],"wp:term":[{"taxonomy":"category","embeddable":true,"href":"https:\/\/tendenciaspoliticas.com\/index.php?rest_route=%2Fwp%2Fv2%2Fcategories&post=45984"},{"taxonomy":"post_tag","embeddable":true,"href":"https:\/\/tendenciaspoliticas.com\/index.php?rest_route=%2Fwp%2Fv2%2Ftags&post=45984"}],"curies":[{"name":"wp","href":"https:\/\/api.w.org\/{rel}","templated":true}]}}