{"id":45981,"date":"2026-04-29T06:54:43","date_gmt":"2026-04-29T09:54:43","guid":{"rendered":"https:\/\/tendenciaspoliticas.com\/?p=45981"},"modified":"2026-04-29T06:54:43","modified_gmt":"2026-04-29T09:54:43","slug":"el-gobierno-acelera-un-acuerdo-con-fondos-internacionales-para-cerrar-litigios-heredados-del-default","status":"publish","type":"post","link":"https:\/\/tendenciaspoliticas.com\/?p=45981","title":{"rendered":"El Gobierno acelera un acuerdo con fondos internacionales para cerrar litigios heredados del default"},"content":{"rendered":"\n<p>El proyecto busca saldar una deuda de m\u00e1s de US$170 millones y mejorar la posici\u00f3n financiera del pa\u00eds.<\/p>\n\n\n\n<figure class=\"wp-block-image size-full is-resized\"><img loading=\"lazy\" decoding=\"async\" width=\"700\" height=\"462\" src=\"https:\/\/tendenciaspoliticas.com\/wp-content\/uploads\/2026\/04\/image-377.png\" alt=\"\" class=\"wp-image-45982\" style=\"width:790px;height:auto\" srcset=\"https:\/\/tendenciaspoliticas.com\/wp-content\/uploads\/2026\/04\/image-377.png 700w, https:\/\/tendenciaspoliticas.com\/wp-content\/uploads\/2026\/04\/image-377-300x198.png 300w\" sizes=\"auto, (max-width: 700px) 100vw, 700px\" \/><\/figure>\n\n\n\n<p>El equipo econ\u00f3mico encabezado por Luis Caputo impulsa en el Senado un proyecto para cerrar un litigio con fondos internacionales que reclaman deuda impaga desde el default de 2001. La iniciativa contempla el pago de unos 171 millones de d\u00f3lares para poner fin a la disputa.<\/p>\n\n\n\n<p>El objetivo del Gobierno es reducir la incertidumbre judicial y mejorar la percepci\u00f3n de Argentina en los mercados financieros. Desde el oficialismo sostienen que resolver este tipo de conflictos es clave para recuperar acceso al cr\u00e9dito.<\/p>\n\n\n\n<p>El proyecto cuenta con respaldo de aliados pol\u00edticos, aunque enfrenta cr\u00edticas de sectores que cuestionan el costo del acuerdo y su impacto en las cuentas p\u00fablicas. El antecedente de litigios con fondos buitre a\u00f1ade sensibilidad al tema.<\/p>\n\n\n\n<p>En el plano t\u00e9cnico, el acuerdo permitir\u00eda cerrar un frente judicial abierto desde hace m\u00e1s de dos d\u00e9cadas. Sin embargo, el debate tambi\u00e9n tiene una dimensi\u00f3n pol\u00edtica, vinculada al manejo de la deuda externa.<\/p>\n\n\n\n<p>La decisi\u00f3n final depender\u00e1 del tratamiento legislativo, en un contexto donde el Gobierno busca consolidar su estrategia financiera en medio de restricciones fiscales y necesidades de financiamiento.<\/p>\n","protected":false},"excerpt":{"rendered":"<p>El proyecto busca saldar una deuda de m\u00e1s de US$170 millones y mejorar la posici\u00f3n&#8230;<\/p>\n","protected":false},"author":2,"featured_media":0,"comment_status":"open","ping_status":"open","sticky":false,"template":"","format":"standard","meta":{"footnotes":""},"categories":[10],"tags":[15],"class_list":["post-45981","post","type-post","status-publish","format-standard","hentry","category-economia","tag-economia"],"_links":{"self":[{"href":"https:\/\/tendenciaspoliticas.com\/index.php?rest_route=\/wp\/v2\/posts\/45981","targetHints":{"allow":["GET"]}}],"collection":[{"href":"https:\/\/tendenciaspoliticas.com\/index.php?rest_route=\/wp\/v2\/posts"}],"about":[{"href":"https:\/\/tendenciaspoliticas.com\/index.php?rest_route=\/wp\/v2\/types\/post"}],"author":[{"embeddable":true,"href":"https:\/\/tendenciaspoliticas.com\/index.php?rest_route=\/wp\/v2\/users\/2"}],"replies":[{"embeddable":true,"href":"https:\/\/tendenciaspoliticas.com\/index.php?rest_route=%2Fwp%2Fv2%2Fcomments&post=45981"}],"version-history":[{"count":1,"href":"https:\/\/tendenciaspoliticas.com\/index.php?rest_route=\/wp\/v2\/posts\/45981\/revisions"}],"predecessor-version":[{"id":45983,"href":"https:\/\/tendenciaspoliticas.com\/index.php?rest_route=\/wp\/v2\/posts\/45981\/revisions\/45983"}],"wp:attachment":[{"href":"https:\/\/tendenciaspoliticas.com\/index.php?rest_route=%2Fwp%2Fv2%2Fmedia&parent=45981"}],"wp:term":[{"taxonomy":"category","embeddable":true,"href":"https:\/\/tendenciaspoliticas.com\/index.php?rest_route=%2Fwp%2Fv2%2Fcategories&post=45981"},{"taxonomy":"post_tag","embeddable":true,"href":"https:\/\/tendenciaspoliticas.com\/index.php?rest_route=%2Fwp%2Fv2%2Ftags&post=45981"}],"curies":[{"name":"wp","href":"https:\/\/api.w.org\/{rel}","templated":true}]}}