{"id":45978,"date":"2026-04-29T06:53:04","date_gmt":"2026-04-29T09:53:04","guid":{"rendered":"https:\/\/tendenciaspoliticas.com\/?p=45978"},"modified":"2026-04-29T06:53:04","modified_gmt":"2026-04-29T09:53:04","slug":"la-uba-paraliza-actividades-y-escala-el-conflicto-con-el-gobierno-por-el-financiamiento-universitario","status":"publish","type":"post","link":"https:\/\/tendenciaspoliticas.com\/?p=45978","title":{"rendered":"La UBA paraliza actividades y escala el conflicto con el Gobierno por el financiamiento universitario"},"content":{"rendered":"\n<p>Docentes y autoridades rechazan exigencias oficiales y advierten sobre el impacto en el funcionamiento acad\u00e9mico.<\/p>\n\n\n\n<figure class=\"wp-block-image size-large\"><img loading=\"lazy\" decoding=\"async\" width=\"1024\" height=\"652\" src=\"https:\/\/tendenciaspoliticas.com\/wp-content\/uploads\/2026\/04\/image-376-1024x652.png\" alt=\"\" class=\"wp-image-45979\" srcset=\"https:\/\/tendenciaspoliticas.com\/wp-content\/uploads\/2026\/04\/image-376-1024x652.png 1024w, https:\/\/tendenciaspoliticas.com\/wp-content\/uploads\/2026\/04\/image-376-300x191.png 300w, https:\/\/tendenciaspoliticas.com\/wp-content\/uploads\/2026\/04\/image-376-768x489.png 768w, https:\/\/tendenciaspoliticas.com\/wp-content\/uploads\/2026\/04\/image-376-1536x978.png 1536w, https:\/\/tendenciaspoliticas.com\/wp-content\/uploads\/2026\/04\/image-376.png 2000w\" sizes=\"auto, (max-width: 1024px) 100vw, 1024px\" \/><\/figure>\n\n\n\n<p>La Universidad de Buenos Aires decidi\u00f3 suspender sus actividades durante 24 horas en el marco de un conflicto creciente con el Gobierno nacional, que reclama a las casas de estudio la presentaci\u00f3n de planes de contingencia ante eventuales interrupciones del ciclo lectivo. La medida de fuerza se inscribe en un reclamo m\u00e1s amplio por el financiamiento del sistema universitario.<\/p>\n\n\n\n<p>Desde el Ministerio de Capital Humano sostienen que las universidades deben garantizar la continuidad acad\u00e9mica y optimizar recursos, en un contexto de ajuste fiscal. La exigencia de planes alternativos fue interpretada por las autoridades universitarias como una intromisi\u00f3n en la autonom\u00eda institucional.<\/p>\n\n\n\n<p>El conflicto no se limita a la UBA. Gremios docentes anunciaron paros y protestas a lo largo de la semana, lo que podr\u00eda extender el impacto en otras universidades nacionales. Reclaman actualizaci\u00f3n presupuestaria frente a la inflaci\u00f3n y advierten sobre dificultades para sostener el funcionamiento b\u00e1sico.<\/p>\n\n\n\n<p>Rectores y especialistas se\u00f1alan que la ca\u00edda real de los recursos afecta salarios, mantenimiento edilicio y programas de investigaci\u00f3n. En paralelo, desde el oficialismo cuestionan la falta de transparencia en el uso de fondos.<\/p>\n\n\n\n<p>El enfrentamiento reabre un debate estructural sobre el financiamiento de la educaci\u00f3n p\u00fablica en Argentina. La resoluci\u00f3n del conflicto depender\u00e1 de la capacidad de ambas partes para negociar en un contexto econ\u00f3mico restrictivo.<\/p>\n","protected":false},"excerpt":{"rendered":"<p>Docentes y autoridades rechazan exigencias oficiales y advierten sobre el impacto en el funcionamiento acad\u00e9mico&#8230;.<\/p>\n","protected":false},"author":2,"featured_media":0,"comment_status":"open","ping_status":"open","sticky":false,"template":"","format":"standard","meta":{"footnotes":""},"categories":[40,13],"tags":[39],"class_list":["post-45978","post","type-post","status-publish","format-standard","hentry","category-sociedad","category-ultima-noticia","tag-sociedad"],"_links":{"self":[{"href":"https:\/\/tendenciaspoliticas.com\/index.php?rest_route=\/wp\/v2\/posts\/45978","targetHints":{"allow":["GET"]}}],"collection":[{"href":"https:\/\/tendenciaspoliticas.com\/index.php?rest_route=\/wp\/v2\/posts"}],"about":[{"href":"https:\/\/tendenciaspoliticas.com\/index.php?rest_route=\/wp\/v2\/types\/post"}],"author":[{"embeddable":true,"href":"https:\/\/tendenciaspoliticas.com\/index.php?rest_route=\/wp\/v2\/users\/2"}],"replies":[{"embeddable":true,"href":"https:\/\/tendenciaspoliticas.com\/index.php?rest_route=%2Fwp%2Fv2%2Fcomments&post=45978"}],"version-history":[{"count":1,"href":"https:\/\/tendenciaspoliticas.com\/index.php?rest_route=\/wp\/v2\/posts\/45978\/revisions"}],"predecessor-version":[{"id":45980,"href":"https:\/\/tendenciaspoliticas.com\/index.php?rest_route=\/wp\/v2\/posts\/45978\/revisions\/45980"}],"wp:attachment":[{"href":"https:\/\/tendenciaspoliticas.com\/index.php?rest_route=%2Fwp%2Fv2%2Fmedia&parent=45978"}],"wp:term":[{"taxonomy":"category","embeddable":true,"href":"https:\/\/tendenciaspoliticas.com\/index.php?rest_route=%2Fwp%2Fv2%2Fcategories&post=45978"},{"taxonomy":"post_tag","embeddable":true,"href":"https:\/\/tendenciaspoliticas.com\/index.php?rest_route=%2Fwp%2Fv2%2Ftags&post=45978"}],"curies":[{"name":"wp","href":"https:\/\/api.w.org\/{rel}","templated":true}]}}