{"id":45966,"date":"2026-04-29T06:45:38","date_gmt":"2026-04-29T09:45:38","guid":{"rendered":"https:\/\/tendenciaspoliticas.com\/?p=45966"},"modified":"2026-04-29T06:45:39","modified_gmt":"2026-04-29T09:45:39","slug":"la-suba-de-combustibles-impacta-en-el-consumo-y-refleja-el-efecto-de-la-crisis-internacional","status":"publish","type":"post","link":"https:\/\/tendenciaspoliticas.com\/?p=45966","title":{"rendered":"La suba de combustibles impacta en el consumo y refleja el efecto de la crisis internacional"},"content":{"rendered":"\n<p>Las ventas registraron una ca\u00edda tras el aumento de precios impulsado por el conflicto en Medio Oriente.<\/p>\n\n\n\n<figure class=\"wp-block-image size-full is-resized\"><img loading=\"lazy\" decoding=\"async\" width=\"512\" height=\"286\" src=\"https:\/\/tendenciaspoliticas.com\/wp-content\/uploads\/2026\/04\/image-372.png\" alt=\"\" class=\"wp-image-45967\" style=\"width:790px;height:auto\" srcset=\"https:\/\/tendenciaspoliticas.com\/wp-content\/uploads\/2026\/04\/image-372.png 512w, https:\/\/tendenciaspoliticas.com\/wp-content\/uploads\/2026\/04\/image-372-300x168.png 300w\" sizes=\"auto, (max-width: 512px) 100vw, 512px\" \/><\/figure>\n\n\n\n<p>El incremento en los precios de los combustibles comenz\u00f3 a reflejarse en una retracci\u00f3n del consumo, seg\u00fan datos oficiales que muestran una baja tanto en la comparaci\u00f3n interanual como mensual. La suba estuvo vinculada a factores internacionales, en particular al conflicto en Medio Oriente.<\/p>\n\n\n\n<p>El ajuste en los surtidores, que alcanz\u00f3 niveles significativos, modific\u00f3 el comportamiento de los usuarios, que redujeron la demanda en un contexto de p\u00e9rdida de poder adquisitivo. El fen\u00f3meno se suma a otras se\u00f1ales de desaceleraci\u00f3n del consumo.<\/p>\n\n\n\n<p>Especialistas se\u00f1alan que el precio de los combustibles funciona como un indicador sensible del impacto de variables externas en la econom\u00eda local. En este caso, la volatilidad internacional se traslad\u00f3 r\u00e1pidamente al mercado interno.<\/p>\n\n\n\n<p>Desde el sector advierten que la ca\u00edda en las ventas puede afectar la rentabilidad de las estaciones de servicio, especialmente en un contexto de costos en alza. Al mismo tiempo, anticipan que la evoluci\u00f3n depender\u00e1 de la estabilidad de los precios globales.<\/p>\n\n\n\n<p>El escenario pone de relieve la dependencia de factores externos y la dificultad de aislar la econom\u00eda local de shocks internacionales, especialmente en sectores estrat\u00e9gicos como el energ\u00e9tico.<\/p>\n","protected":false},"excerpt":{"rendered":"<p>Las ventas registraron una ca\u00edda tras el aumento de precios impulsado por el conflicto en&#8230;<\/p>\n","protected":false},"author":2,"featured_media":0,"comment_status":"open","ping_status":"open","sticky":false,"template":"","format":"standard","meta":{"footnotes":""},"categories":[10,13],"tags":[15],"class_list":["post-45966","post","type-post","status-publish","format-standard","hentry","category-economia","category-ultima-noticia","tag-economia"],"_links":{"self":[{"href":"https:\/\/tendenciaspoliticas.com\/index.php?rest_route=\/wp\/v2\/posts\/45966","targetHints":{"allow":["GET"]}}],"collection":[{"href":"https:\/\/tendenciaspoliticas.com\/index.php?rest_route=\/wp\/v2\/posts"}],"about":[{"href":"https:\/\/tendenciaspoliticas.com\/index.php?rest_route=\/wp\/v2\/types\/post"}],"author":[{"embeddable":true,"href":"https:\/\/tendenciaspoliticas.com\/index.php?rest_route=\/wp\/v2\/users\/2"}],"replies":[{"embeddable":true,"href":"https:\/\/tendenciaspoliticas.com\/index.php?rest_route=%2Fwp%2Fv2%2Fcomments&post=45966"}],"version-history":[{"count":1,"href":"https:\/\/tendenciaspoliticas.com\/index.php?rest_route=\/wp\/v2\/posts\/45966\/revisions"}],"predecessor-version":[{"id":45968,"href":"https:\/\/tendenciaspoliticas.com\/index.php?rest_route=\/wp\/v2\/posts\/45966\/revisions\/45968"}],"wp:attachment":[{"href":"https:\/\/tendenciaspoliticas.com\/index.php?rest_route=%2Fwp%2Fv2%2Fmedia&parent=45966"}],"wp:term":[{"taxonomy":"category","embeddable":true,"href":"https:\/\/tendenciaspoliticas.com\/index.php?rest_route=%2Fwp%2Fv2%2Fcategories&post=45966"},{"taxonomy":"post_tag","embeddable":true,"href":"https:\/\/tendenciaspoliticas.com\/index.php?rest_route=%2Fwp%2Fv2%2Ftags&post=45966"}],"curies":[{"name":"wp","href":"https:\/\/api.w.org\/{rel}","templated":true}]}}