{"id":45963,"date":"2026-04-29T16:44:00","date_gmt":"2026-04-29T19:44:00","guid":{"rendered":"https:\/\/tendenciaspoliticas.com\/?p=45963"},"modified":"2026-04-29T06:45:09","modified_gmt":"2026-04-29T09:45:09","slug":"avanza-la-privatizacion-de-una-empresa-clave-del-sistema-electrico-nacional","status":"publish","type":"post","link":"https:\/\/tendenciaspoliticas.com\/?p=45963","title":{"rendered":"Avanza la privatizaci\u00f3n de una empresa clave del sistema el\u00e9ctrico nacional"},"content":{"rendered":"\n<p>Un consorcio empresario se impuso en la licitaci\u00f3n y se encamina a quedarse con el control de la compa\u00f1\u00eda.<\/p>\n\n\n\n<figure class=\"wp-block-image size-full\"><img loading=\"lazy\" decoding=\"async\" width=\"760\" height=\"428\" src=\"https:\/\/tendenciaspoliticas.com\/wp-content\/uploads\/2026\/04\/image-371.png\" alt=\"\" class=\"wp-image-45964\" srcset=\"https:\/\/tendenciaspoliticas.com\/wp-content\/uploads\/2026\/04\/image-371.png 760w, https:\/\/tendenciaspoliticas.com\/wp-content\/uploads\/2026\/04\/image-371-300x169.png 300w\" sizes=\"auto, (max-width: 760px) 100vw, 760px\" \/><\/figure>\n\n\n\n<p>El proceso de privatizaci\u00f3n de una de las principales transportistas de energ\u00eda el\u00e9ctrica dio un paso decisivo tras la presentaci\u00f3n de ofertas por parte de distintos grupos empresarios. Finalmente, un consorcio logr\u00f3 imponerse y qued\u00f3 en posici\u00f3n de avanzar en la adquisici\u00f3n.<\/p>\n\n\n\n<p>La operaci\u00f3n se inscribe en la estrategia del Gobierno de reducir la participaci\u00f3n estatal en sectores considerados estrat\u00e9gicos, con el objetivo de atraer inversiones y mejorar la eficiencia. El monto involucrado refleja el inter\u00e9s del mercado en este tipo de activos.<\/p>\n\n\n\n<p>Desde el oficialismo destacan que la iniciativa permitir\u00e1 modernizar la infraestructura y garantizar un mejor servicio. Sin embargo, sectores cr\u00edticos advierten sobre los riesgos de transferir el control de \u00e1reas sensibles al \u00e1mbito privado.<\/p>\n\n\n\n<p>El proceso se desarrolla en un contexto de redefinici\u00f3n del rol del Estado en la econom\u00eda, donde las privatizaciones vuelven a ocupar un lugar central en la agenda. La experiencia previa en este tipo de operaciones alimenta el debate.<\/p>\n\n\n\n<p>A medida que avanza la operaci\u00f3n, crece la expectativa sobre el impacto que tendr\u00e1 en tarifas, inversiones y calidad del servicio. El desenlace marcar\u00e1 un precedente para futuras decisiones en materia de pol\u00edtica energ\u00e9tica.<\/p>\n","protected":false},"excerpt":{"rendered":"<p>Un consorcio empresario se impuso en la licitaci\u00f3n y se encamina a quedarse con el&#8230;<\/p>\n","protected":false},"author":2,"featured_media":0,"comment_status":"open","ping_status":"open","sticky":false,"template":"","format":"standard","meta":{"footnotes":""},"categories":[10,13],"tags":[15],"class_list":["post-45963","post","type-post","status-publish","format-standard","hentry","category-economia","category-ultima-noticia","tag-economia"],"_links":{"self":[{"href":"https:\/\/tendenciaspoliticas.com\/index.php?rest_route=\/wp\/v2\/posts\/45963","targetHints":{"allow":["GET"]}}],"collection":[{"href":"https:\/\/tendenciaspoliticas.com\/index.php?rest_route=\/wp\/v2\/posts"}],"about":[{"href":"https:\/\/tendenciaspoliticas.com\/index.php?rest_route=\/wp\/v2\/types\/post"}],"author":[{"embeddable":true,"href":"https:\/\/tendenciaspoliticas.com\/index.php?rest_route=\/wp\/v2\/users\/2"}],"replies":[{"embeddable":true,"href":"https:\/\/tendenciaspoliticas.com\/index.php?rest_route=%2Fwp%2Fv2%2Fcomments&post=45963"}],"version-history":[{"count":1,"href":"https:\/\/tendenciaspoliticas.com\/index.php?rest_route=\/wp\/v2\/posts\/45963\/revisions"}],"predecessor-version":[{"id":45965,"href":"https:\/\/tendenciaspoliticas.com\/index.php?rest_route=\/wp\/v2\/posts\/45963\/revisions\/45965"}],"wp:attachment":[{"href":"https:\/\/tendenciaspoliticas.com\/index.php?rest_route=%2Fwp%2Fv2%2Fmedia&parent=45963"}],"wp:term":[{"taxonomy":"category","embeddable":true,"href":"https:\/\/tendenciaspoliticas.com\/index.php?rest_route=%2Fwp%2Fv2%2Fcategories&post=45963"},{"taxonomy":"post_tag","embeddable":true,"href":"https:\/\/tendenciaspoliticas.com\/index.php?rest_route=%2Fwp%2Fv2%2Ftags&post=45963"}],"curies":[{"name":"wp","href":"https:\/\/api.w.org\/{rel}","templated":true}]}}