{"id":45960,"date":"2026-04-29T16:44:00","date_gmt":"2026-04-29T19:44:00","guid":{"rendered":"https:\/\/tendenciaspoliticas.com\/?p=45960"},"modified":"2026-04-29T06:44:37","modified_gmt":"2026-04-29T09:44:37","slug":"reactivan-el-concurso-para-cargos-clave-en-la-camara-federal-y-crece-la-tension-politica","status":"publish","type":"post","link":"https:\/\/tendenciaspoliticas.com\/?p=45960","title":{"rendered":"Reactivan el concurso para cargos clave en la C\u00e1mara Federal y crece la tensi\u00f3n pol\u00edtica"},"content":{"rendered":"\n<p>El proceso incluye a magistrados cuestionados en el pasado y vuelve a encender la disputa por el control judicial.<\/p>\n\n\n\n<figure class=\"wp-block-image size-large\"><img loading=\"lazy\" decoding=\"async\" width=\"1024\" height=\"505\" src=\"https:\/\/tendenciaspoliticas.com\/wp-content\/uploads\/2026\/04\/image-370-1024x505.png\" alt=\"\" class=\"wp-image-45961\" srcset=\"https:\/\/tendenciaspoliticas.com\/wp-content\/uploads\/2026\/04\/image-370-1024x505.png 1024w, https:\/\/tendenciaspoliticas.com\/wp-content\/uploads\/2026\/04\/image-370-300x148.png 300w, https:\/\/tendenciaspoliticas.com\/wp-content\/uploads\/2026\/04\/image-370-768x379.png 768w, https:\/\/tendenciaspoliticas.com\/wp-content\/uploads\/2026\/04\/image-370.png 1256w\" sizes=\"auto, (max-width: 1024px) 100vw, 1024px\" \/><\/figure>\n\n\n\n<p>El Consejo de la Magistratura avanz\u00f3 en la reactivaci\u00f3n de un concurso para cubrir puestos estrat\u00e9gicos en la C\u00e1mara Federal, lo que reabre una discusi\u00f3n de alto voltaje pol\u00edtico. El proceso involucra a jueces que ya hab\u00edan sido objeto de controversia en administraciones anteriores.<\/p>\n\n\n\n<p>La decisi\u00f3n genera expectativas y resistencias en distintos sectores, dado el peso que tiene este tribunal en causas de relevancia institucional, especialmente aquellas vinculadas a corrupci\u00f3n. La integraci\u00f3n de la C\u00e1mara Federal es considerada clave en el esquema judicial.<\/p>\n\n\n\n<p>Desde el oficialismo impulsan la continuidad del proceso como parte de la normalizaci\u00f3n institucional, mientras que desde la oposici\u00f3n advierten sobre posibles intentos de influir en la composici\u00f3n del tribunal.<\/p>\n\n\n\n<p>El antecedente de intentos fallidos por modificar estos cargos a\u00f1ade tensi\u00f3n al escenario actual. La discusi\u00f3n no solo se centra en los nombres, sino tambi\u00e9n en los criterios de selecci\u00f3n y en la transparencia del proceso.<\/p>\n\n\n\n<p>Analistas coinciden en que el resultado del concurso tendr\u00e1 impacto en el funcionamiento del sistema judicial en los pr\u00f3ximos a\u00f1os. En ese sentido, el tema trasciende lo t\u00e9cnico y se instala como un eje pol\u00edtico de primer orden.<\/p>\n","protected":false},"excerpt":{"rendered":"<p>El proceso incluye a magistrados cuestionados en el pasado y vuelve a encender la disputa&#8230;<\/p>\n","protected":false},"author":2,"featured_media":0,"comment_status":"open","ping_status":"open","sticky":false,"template":"","format":"standard","meta":{"footnotes":""},"categories":[1],"tags":[14],"class_list":["post-45960","post","type-post","status-publish","format-standard","hentry","category-politica","tag-politica"],"_links":{"self":[{"href":"https:\/\/tendenciaspoliticas.com\/index.php?rest_route=\/wp\/v2\/posts\/45960","targetHints":{"allow":["GET"]}}],"collection":[{"href":"https:\/\/tendenciaspoliticas.com\/index.php?rest_route=\/wp\/v2\/posts"}],"about":[{"href":"https:\/\/tendenciaspoliticas.com\/index.php?rest_route=\/wp\/v2\/types\/post"}],"author":[{"embeddable":true,"href":"https:\/\/tendenciaspoliticas.com\/index.php?rest_route=\/wp\/v2\/users\/2"}],"replies":[{"embeddable":true,"href":"https:\/\/tendenciaspoliticas.com\/index.php?rest_route=%2Fwp%2Fv2%2Fcomments&post=45960"}],"version-history":[{"count":1,"href":"https:\/\/tendenciaspoliticas.com\/index.php?rest_route=\/wp\/v2\/posts\/45960\/revisions"}],"predecessor-version":[{"id":45962,"href":"https:\/\/tendenciaspoliticas.com\/index.php?rest_route=\/wp\/v2\/posts\/45960\/revisions\/45962"}],"wp:attachment":[{"href":"https:\/\/tendenciaspoliticas.com\/index.php?rest_route=%2Fwp%2Fv2%2Fmedia&parent=45960"}],"wp:term":[{"taxonomy":"category","embeddable":true,"href":"https:\/\/tendenciaspoliticas.com\/index.php?rest_route=%2Fwp%2Fv2%2Fcategories&post=45960"},{"taxonomy":"post_tag","embeddable":true,"href":"https:\/\/tendenciaspoliticas.com\/index.php?rest_route=%2Fwp%2Fv2%2Ftags&post=45960"}],"curies":[{"name":"wp","href":"https:\/\/api.w.org\/{rel}","templated":true}]}}