{"id":45957,"date":"2026-04-29T16:43:00","date_gmt":"2026-04-29T19:43:00","guid":{"rendered":"https:\/\/tendenciaspoliticas.com\/?p=45957"},"modified":"2026-04-29T06:44:00","modified_gmt":"2026-04-29T09:44:00","slug":"la-corte-advierte-sobre-el-impacto-de-la-judicializacion-en-las-reformas-economicas","status":"publish","type":"post","link":"https:\/\/tendenciaspoliticas.com\/?p=45957","title":{"rendered":"La Corte advierte sobre el impacto de la judicializaci\u00f3n en las reformas econ\u00f3micas"},"content":{"rendered":"\n<p>El m\u00e1ximo tribunal plante\u00f3 que los conflictos pol\u00edticos terminan resolvi\u00e9ndose en tribunales y condicionan la gesti\u00f3n.<\/p>\n\n\n\n<figure class=\"wp-block-image size-large\"><img loading=\"lazy\" decoding=\"async\" width=\"1024\" height=\"538\" src=\"https:\/\/tendenciaspoliticas.com\/wp-content\/uploads\/2026\/04\/image-369-1024x538.png\" alt=\"\" class=\"wp-image-45958\" srcset=\"https:\/\/tendenciaspoliticas.com\/wp-content\/uploads\/2026\/04\/image-369-1024x538.png 1024w, https:\/\/tendenciaspoliticas.com\/wp-content\/uploads\/2026\/04\/image-369-300x158.png 300w, https:\/\/tendenciaspoliticas.com\/wp-content\/uploads\/2026\/04\/image-369-768x403.png 768w, https:\/\/tendenciaspoliticas.com\/wp-content\/uploads\/2026\/04\/image-369.png 1200w\" sizes=\"auto, (max-width: 1024px) 100vw, 1024px\" \/><\/figure>\n\n\n\n<p>El presidente de la Corte Suprema expres\u00f3 su preocupaci\u00f3n por el creciente traslado de debates pol\u00edticos al \u00e1mbito judicial, un fen\u00f3meno que, seg\u00fan se\u00f1al\u00f3, puede frenar o distorsionar la implementaci\u00f3n de reformas econ\u00f3micas. Sus declaraciones se interpretaron como una referencia indirecta a iniciativas recientes del Gobierno.<\/p>\n\n\n\n<p>El planteo pone en foco una din\u00e1mica cada vez m\u00e1s habitual: decisiones de alto impacto que, tras ser discutidas en el plano pol\u00edtico, terminan judicializadas. Este proceso, advierten especialistas, introduce incertidumbre y demora en la ejecuci\u00f3n de pol\u00edticas p\u00fablicas.<\/p>\n\n\n\n<p>Desde el \u00e1mbito judicial reconocen que la intervenci\u00f3n de los tribunales responde a la necesidad de garantizar derechos y controlar la legalidad de las decisiones. Sin embargo, tambi\u00e9n admiten que el exceso de litigiosidad puede generar efectos no deseados.<\/p>\n\n\n\n<p>En el plano pol\u00edtico, las palabras del titular de la Corte reavivaron el debate sobre el equilibrio entre poderes y el rol del sistema judicial en la vida institucional. Mientras algunos sectores reclaman mayor autonom\u00eda para avanzar con reformas, otros defienden el control judicial como herramienta indispensable.<\/p>\n\n\n\n<p>El escenario refleja una tensi\u00f3n estructural entre la urgencia de cambios econ\u00f3micos y los mecanismos de control propios de un sistema democr\u00e1tico. En ese marco, la judicializaci\u00f3n aparece como un factor clave a considerar en cualquier estrategia de gobierno.<\/p>\n","protected":false},"excerpt":{"rendered":"<p>El m\u00e1ximo tribunal plante\u00f3 que los conflictos pol\u00edticos terminan resolvi\u00e9ndose en tribunales y condicionan la&#8230;<\/p>\n","protected":false},"author":2,"featured_media":0,"comment_status":"open","ping_status":"open","sticky":false,"template":"","format":"standard","meta":{"footnotes":""},"categories":[10,13],"tags":[15],"class_list":["post-45957","post","type-post","status-publish","format-standard","hentry","category-economia","category-ultima-noticia","tag-economia"],"_links":{"self":[{"href":"https:\/\/tendenciaspoliticas.com\/index.php?rest_route=\/wp\/v2\/posts\/45957","targetHints":{"allow":["GET"]}}],"collection":[{"href":"https:\/\/tendenciaspoliticas.com\/index.php?rest_route=\/wp\/v2\/posts"}],"about":[{"href":"https:\/\/tendenciaspoliticas.com\/index.php?rest_route=\/wp\/v2\/types\/post"}],"author":[{"embeddable":true,"href":"https:\/\/tendenciaspoliticas.com\/index.php?rest_route=\/wp\/v2\/users\/2"}],"replies":[{"embeddable":true,"href":"https:\/\/tendenciaspoliticas.com\/index.php?rest_route=%2Fwp%2Fv2%2Fcomments&post=45957"}],"version-history":[{"count":1,"href":"https:\/\/tendenciaspoliticas.com\/index.php?rest_route=\/wp\/v2\/posts\/45957\/revisions"}],"predecessor-version":[{"id":45959,"href":"https:\/\/tendenciaspoliticas.com\/index.php?rest_route=\/wp\/v2\/posts\/45957\/revisions\/45959"}],"wp:attachment":[{"href":"https:\/\/tendenciaspoliticas.com\/index.php?rest_route=%2Fwp%2Fv2%2Fmedia&parent=45957"}],"wp:term":[{"taxonomy":"category","embeddable":true,"href":"https:\/\/tendenciaspoliticas.com\/index.php?rest_route=%2Fwp%2Fv2%2Fcategories&post=45957"},{"taxonomy":"post_tag","embeddable":true,"href":"https:\/\/tendenciaspoliticas.com\/index.php?rest_route=%2Fwp%2Fv2%2Ftags&post=45957"}],"curies":[{"name":"wp","href":"https:\/\/api.w.org\/{rel}","templated":true}]}}