{"id":45954,"date":"2026-04-29T14:42:00","date_gmt":"2026-04-29T17:42:00","guid":{"rendered":"https:\/\/tendenciaspoliticas.com\/?p=45954"},"modified":"2026-04-29T06:43:23","modified_gmt":"2026-04-29T09:43:23","slug":"abucheos-al-dueno-de-cocos-capital-en-una-charla-sobre-educacion-financiera","status":"publish","type":"post","link":"https:\/\/tendenciaspoliticas.com\/?p=45954","title":{"rendered":"Abucheos al due\u00f1o de Cocos Capital en una charla sobre educaci\u00f3n financiera"},"content":{"rendered":"\n<p>Un grupo masivo de alumnos impidi\u00f3 la exposici\u00f3n de un ejecutivo vinculado a una pol\u00e9mica cripto, en un episodio que escal\u00f3 a discusi\u00f3n pol\u00edtica.<\/p>\n\n\n\n<figure class=\"wp-block-image size-large\"><img loading=\"lazy\" decoding=\"async\" width=\"1024\" height=\"683\" src=\"https:\/\/tendenciaspoliticas.com\/wp-content\/uploads\/2026\/04\/image-368-1024x683.png\" alt=\"\" class=\"wp-image-45955\" srcset=\"https:\/\/tendenciaspoliticas.com\/wp-content\/uploads\/2026\/04\/image-368-1024x683.png 1024w, https:\/\/tendenciaspoliticas.com\/wp-content\/uploads\/2026\/04\/image-368-300x200.png 300w, https:\/\/tendenciaspoliticas.com\/wp-content\/uploads\/2026\/04\/image-368-768x512.png 768w, https:\/\/tendenciaspoliticas.com\/wp-content\/uploads\/2026\/04\/image-368.png 1200w\" sizes=\"auto, (max-width: 1024px) 100vw, 1024px\" \/><\/figure>\n\n\n\n<p>Un evento orientado a fomentar el emprendedurismo en escuelas secundarias termin\u00f3 envuelto en controversia cuando miles de estudiantes interrumpieron la presentaci\u00f3n de un empresario del sector financiero. La protesta se desat\u00f3 tras conocerse v\u00ednculos del expositor con una criptomoneda cuestionada, lo que gener\u00f3 rechazo inmediato entre los asistentes.<\/p>\n\n\n\n<p>El episodio ocurri\u00f3 en el marco de iniciativas oficiales destinadas a promover la educaci\u00f3n financiera en j\u00f3venes. Sin embargo, lo que buscaba ser una actividad formativa deriv\u00f3 en un fuerte cuestionamiento a los contenidos y a los actores involucrados.<\/p>\n\n\n\n<p>Los estudiantes expresaron su rechazo con abucheos y consignas, lo que oblig\u00f3 a suspender la charla. La situaci\u00f3n r\u00e1pidamente trascendi\u00f3 el \u00e1mbito educativo y se instal\u00f3 en el debate p\u00fablico, con posiciones encontradas sobre el rol de este tipo de propuestas en las escuelas.<\/p>\n\n\n\n<p>Desde algunos sectores se defendi\u00f3 la necesidad de acercar herramientas del mundo econ\u00f3mico a los alumnos, mientras que otros criticaron la elecci\u00f3n de expositores y advirtieron sobre posibles conflictos de inter\u00e9s. Tambi\u00e9n surgieron cuestionamientos sobre la l\u00ednea pedag\u00f3gica de estos programas.<\/p>\n\n\n\n<p>El incidente dej\u00f3 expuesta una tensi\u00f3n creciente entre distintas miradas sobre la formaci\u00f3n de los j\u00f3venes y el v\u00ednculo entre educaci\u00f3n y mercado. A su vez, abri\u00f3 interrogantes sobre los criterios de selecci\u00f3n de contenidos en actividades impulsadas desde el Estado.<\/p>\n","protected":false},"excerpt":{"rendered":"<p>Un grupo masivo de alumnos impidi\u00f3 la exposici\u00f3n de un ejecutivo vinculado a una pol\u00e9mica&#8230;<\/p>\n","protected":false},"author":2,"featured_media":0,"comment_status":"open","ping_status":"open","sticky":false,"template":"","format":"standard","meta":{"footnotes":""},"categories":[1],"tags":[15],"class_list":["post-45954","post","type-post","status-publish","format-standard","hentry","category-politica","tag-economia"],"_links":{"self":[{"href":"https:\/\/tendenciaspoliticas.com\/index.php?rest_route=\/wp\/v2\/posts\/45954","targetHints":{"allow":["GET"]}}],"collection":[{"href":"https:\/\/tendenciaspoliticas.com\/index.php?rest_route=\/wp\/v2\/posts"}],"about":[{"href":"https:\/\/tendenciaspoliticas.com\/index.php?rest_route=\/wp\/v2\/types\/post"}],"author":[{"embeddable":true,"href":"https:\/\/tendenciaspoliticas.com\/index.php?rest_route=\/wp\/v2\/users\/2"}],"replies":[{"embeddable":true,"href":"https:\/\/tendenciaspoliticas.com\/index.php?rest_route=%2Fwp%2Fv2%2Fcomments&post=45954"}],"version-history":[{"count":1,"href":"https:\/\/tendenciaspoliticas.com\/index.php?rest_route=\/wp\/v2\/posts\/45954\/revisions"}],"predecessor-version":[{"id":45956,"href":"https:\/\/tendenciaspoliticas.com\/index.php?rest_route=\/wp\/v2\/posts\/45954\/revisions\/45956"}],"wp:attachment":[{"href":"https:\/\/tendenciaspoliticas.com\/index.php?rest_route=%2Fwp%2Fv2%2Fmedia&parent=45954"}],"wp:term":[{"taxonomy":"category","embeddable":true,"href":"https:\/\/tendenciaspoliticas.com\/index.php?rest_route=%2Fwp%2Fv2%2Fcategories&post=45954"},{"taxonomy":"post_tag","embeddable":true,"href":"https:\/\/tendenciaspoliticas.com\/index.php?rest_route=%2Fwp%2Fv2%2Ftags&post=45954"}],"curies":[{"name":"wp","href":"https:\/\/api.w.org\/{rel}","templated":true}]}}