{"id":45948,"date":"2026-04-29T06:41:36","date_gmt":"2026-04-29T09:41:36","guid":{"rendered":"https:\/\/tendenciaspoliticas.com\/?p=45948"},"modified":"2026-04-29T06:41:37","modified_gmt":"2026-04-29T09:41:37","slug":"adorni-se-somete-a-un-test-politico-clave-en-diputados-con-respaldo-explicito-del-oficialismo","status":"publish","type":"post","link":"https:\/\/tendenciaspoliticas.com\/?p=45948","title":{"rendered":"Adorni se somete a un test pol\u00edtico clave en Diputados con respaldo expl\u00edcito del oficialismo"},"content":{"rendered":"\n<p>El jefe de Gabinete enfrenta su primer gran examen legislativo en medio de una fuerte puesta en escena del Gobierno.<\/p>\n\n\n\n<figure class=\"wp-block-image size-large\"><img loading=\"lazy\" decoding=\"async\" width=\"1024\" height=\"576\" src=\"https:\/\/tendenciaspoliticas.com\/wp-content\/uploads\/2026\/04\/image-366-1024x576.png\" alt=\"\" class=\"wp-image-45949\" srcset=\"https:\/\/tendenciaspoliticas.com\/wp-content\/uploads\/2026\/04\/image-366-1024x576.png 1024w, https:\/\/tendenciaspoliticas.com\/wp-content\/uploads\/2026\/04\/image-366-300x169.png 300w, https:\/\/tendenciaspoliticas.com\/wp-content\/uploads\/2026\/04\/image-366-768x432.png 768w, https:\/\/tendenciaspoliticas.com\/wp-content\/uploads\/2026\/04\/image-366.png 1200w\" sizes=\"auto, (max-width: 1024px) 100vw, 1024px\" \/><\/figure>\n\n\n\n<p>La presentaci\u00f3n del jefe de Gabinete en la C\u00e1mara de Diputados se convirti\u00f3 en un evento de alto voltaje pol\u00edtico, no solo por el contenido del informe de gesti\u00f3n sino tambi\u00e9n por el despliegue de apoyo que el oficialismo decidi\u00f3 exhibir. La presencia de figuras centrales del Gobierno y militantes en los palcos configura un escenario poco habitual para este tipo de instancias.<\/p>\n\n\n\n<p>El funcionario deber\u00e1 responder a una amplia bater\u00eda de preguntas que abarcan desde la marcha de la econom\u00eda hasta decisiones de gesti\u00f3n que generaron controversia. La oposici\u00f3n anticipa un interrogatorio intenso, con foco en temas sensibles y en la consistencia del rumbo adoptado por el Ejecutivo.<\/p>\n\n\n\n<p>Desde el oficialismo, en tanto, se apuesta a transformar la sesi\u00f3n en una oportunidad para reforzar el relato de gesti\u00f3n y marcar contrastes con administraciones anteriores. La estrategia incluye una fuerte narrativa pol\u00edtica que busca interpelar tanto al recinto como a la opini\u00f3n p\u00fablica.<\/p>\n\n\n\n<p>El contexto no es menor: la exposici\u00f3n se produce en un momento donde indicadores econ\u00f3micos generan se\u00f1ales mixtas y el Gobierno necesita sostener expectativas. En ese marco, la performance del jefe de Gabinete adquiere relevancia m\u00e1s all\u00e1 del \u00e1mbito legislativo.<\/p>\n\n\n\n<p>Analistas coinciden en que este tipo de presentaciones, m\u00e1s all\u00e1 de su car\u00e1cter institucional, funcionan como term\u00f3metro pol\u00edtico. El resultado del intercambio podr\u00eda incidir en el clima parlamentario de cara a futuros proyectos clave.<\/p>\n","protected":false},"excerpt":{"rendered":"<p>El jefe de Gabinete enfrenta su primer gran examen legislativo en medio de una fuerte&#8230;<\/p>\n","protected":false},"author":2,"featured_media":0,"comment_status":"open","ping_status":"open","sticky":false,"template":"","format":"standard","meta":{"footnotes":""},"categories":[13],"tags":[14],"class_list":["post-45948","post","type-post","status-publish","format-standard","hentry","category-ultima-noticia","tag-politica"],"_links":{"self":[{"href":"https:\/\/tendenciaspoliticas.com\/index.php?rest_route=\/wp\/v2\/posts\/45948","targetHints":{"allow":["GET"]}}],"collection":[{"href":"https:\/\/tendenciaspoliticas.com\/index.php?rest_route=\/wp\/v2\/posts"}],"about":[{"href":"https:\/\/tendenciaspoliticas.com\/index.php?rest_route=\/wp\/v2\/types\/post"}],"author":[{"embeddable":true,"href":"https:\/\/tendenciaspoliticas.com\/index.php?rest_route=\/wp\/v2\/users\/2"}],"replies":[{"embeddable":true,"href":"https:\/\/tendenciaspoliticas.com\/index.php?rest_route=%2Fwp%2Fv2%2Fcomments&post=45948"}],"version-history":[{"count":1,"href":"https:\/\/tendenciaspoliticas.com\/index.php?rest_route=\/wp\/v2\/posts\/45948\/revisions"}],"predecessor-version":[{"id":45950,"href":"https:\/\/tendenciaspoliticas.com\/index.php?rest_route=\/wp\/v2\/posts\/45948\/revisions\/45950"}],"wp:attachment":[{"href":"https:\/\/tendenciaspoliticas.com\/index.php?rest_route=%2Fwp%2Fv2%2Fmedia&parent=45948"}],"wp:term":[{"taxonomy":"category","embeddable":true,"href":"https:\/\/tendenciaspoliticas.com\/index.php?rest_route=%2Fwp%2Fv2%2Fcategories&post=45948"},{"taxonomy":"post_tag","embeddable":true,"href":"https:\/\/tendenciaspoliticas.com\/index.php?rest_route=%2Fwp%2Fv2%2Ftags&post=45948"}],"curies":[{"name":"wp","href":"https:\/\/api.w.org\/{rel}","templated":true}]}}