{"id":45945,"date":"2026-04-29T06:40:57","date_gmt":"2026-04-29T09:40:57","guid":{"rendered":"https:\/\/tendenciaspoliticas.com\/?p=45945"},"modified":"2026-04-29T06:40:57","modified_gmt":"2026-04-29T09:40:57","slug":"la-ola-de-frio-obliga-a-restringir-el-suministro-de-gas-y-golpea-a-industrias-y-estaciones-de-gnc","status":"publish","type":"post","link":"https:\/\/tendenciaspoliticas.com\/?p=45945","title":{"rendered":"La ola de fr\u00edo obliga a restringir el suministro de gas y golpea a industrias y estaciones de GNC"},"content":{"rendered":"\n<p>Las distribuidoras activaron cortes en contratos interrumpibles para priorizar el consumo residencial.<\/p>\n\n\n\n<figure class=\"wp-block-image size-full\"><img loading=\"lazy\" decoding=\"async\" width=\"790\" height=\"442\" src=\"https:\/\/tendenciaspoliticas.com\/wp-content\/uploads\/2026\/04\/image-365.png\" alt=\"\" class=\"wp-image-45946\" srcset=\"https:\/\/tendenciaspoliticas.com\/wp-content\/uploads\/2026\/04\/image-365.png 790w, https:\/\/tendenciaspoliticas.com\/wp-content\/uploads\/2026\/04\/image-365-300x168.png 300w, https:\/\/tendenciaspoliticas.com\/wp-content\/uploads\/2026\/04\/image-365-768x430.png 768w\" sizes=\"auto, (max-width: 790px) 100vw, 790px\" \/><\/figure>\n\n\n\n<p>El descenso abrupto de las temperaturas gener\u00f3 tensiones en el sistema energ\u00e9tico y oblig\u00f3 a implementar restricciones en el suministro de gas que afectan tanto a industrias como a estaciones de servicio con expendio de GNC. La medida responde a la necesidad de garantizar el abastecimiento en los hogares, que se dispar\u00f3 con la llegada del fr\u00edo.<\/p>\n\n\n\n<p>Las distribuidoras activaron cl\u00e1usulas previstas en los contratos interrumpibles, que permiten limitar el consumo de determinados usuarios en situaciones de alta demanda. Este mecanismo, habitual en picos estacionales, impacta directamente en sectores productivos que dependen del gas para sostener su actividad.<\/p>\n\n\n\n<p>Empresas afectadas advierten sobre posibles ca\u00eddas en la producci\u00f3n y costos adicionales derivados de la necesidad de recurrir a combustibles alternativos, generalmente m\u00e1s caros. En el caso de las estaciones de GNC, la restricci\u00f3n se traduce en menor disponibilidad para los usuarios, con efectos en el transporte y la log\u00edstica.<\/p>\n\n\n\n<p>Desde el Gobierno aseguran que el sistema funciona dentro de los par\u00e1metros previstos y que las medidas buscan evitar un colapso mayor. Sin embargo, el episodio vuelve a poner en discusi\u00f3n la capacidad de infraestructura para enfrentar escenarios de alta demanda.<\/p>\n\n\n\n<p>Especialistas se\u00f1alan que la combinaci\u00f3n de factores clim\u00e1ticos y limitaciones estructurales expone vulnerabilidades que requieren inversiones sostenidas en transporte y producci\u00f3n de gas. Mientras tanto, el monitoreo del sistema se intensifica ante la posibilidad de que el fr\u00edo contin\u00fae.<\/p>\n","protected":false},"excerpt":{"rendered":"<p>Las distribuidoras activaron cortes en contratos interrumpibles para priorizar el consumo residencial. El descenso abrupto&#8230;<\/p>\n","protected":false},"author":2,"featured_media":0,"comment_status":"open","ping_status":"open","sticky":false,"template":"","format":"standard","meta":{"footnotes":""},"categories":[10,13],"tags":[15],"class_list":["post-45945","post","type-post","status-publish","format-standard","hentry","category-economia","category-ultima-noticia","tag-economia"],"_links":{"self":[{"href":"https:\/\/tendenciaspoliticas.com\/index.php?rest_route=\/wp\/v2\/posts\/45945","targetHints":{"allow":["GET"]}}],"collection":[{"href":"https:\/\/tendenciaspoliticas.com\/index.php?rest_route=\/wp\/v2\/posts"}],"about":[{"href":"https:\/\/tendenciaspoliticas.com\/index.php?rest_route=\/wp\/v2\/types\/post"}],"author":[{"embeddable":true,"href":"https:\/\/tendenciaspoliticas.com\/index.php?rest_route=\/wp\/v2\/users\/2"}],"replies":[{"embeddable":true,"href":"https:\/\/tendenciaspoliticas.com\/index.php?rest_route=%2Fwp%2Fv2%2Fcomments&post=45945"}],"version-history":[{"count":1,"href":"https:\/\/tendenciaspoliticas.com\/index.php?rest_route=\/wp\/v2\/posts\/45945\/revisions"}],"predecessor-version":[{"id":45947,"href":"https:\/\/tendenciaspoliticas.com\/index.php?rest_route=\/wp\/v2\/posts\/45945\/revisions\/45947"}],"wp:attachment":[{"href":"https:\/\/tendenciaspoliticas.com\/index.php?rest_route=%2Fwp%2Fv2%2Fmedia&parent=45945"}],"wp:term":[{"taxonomy":"category","embeddable":true,"href":"https:\/\/tendenciaspoliticas.com\/index.php?rest_route=%2Fwp%2Fv2%2Fcategories&post=45945"},{"taxonomy":"post_tag","embeddable":true,"href":"https:\/\/tendenciaspoliticas.com\/index.php?rest_route=%2Fwp%2Fv2%2Ftags&post=45945"}],"curies":[{"name":"wp","href":"https:\/\/api.w.org\/{rel}","templated":true}]}}