{"id":45942,"date":"2026-04-29T06:40:27","date_gmt":"2026-04-29T09:40:27","guid":{"rendered":"https:\/\/tendenciaspoliticas.com\/?p=45942"},"modified":"2026-04-29T06:40:27","modified_gmt":"2026-04-29T09:40:27","slug":"spagnuolo-evito-declarar-y-crece-el-escandalo-por-millonarias-irregularidades-en-el-area-de-discapacidad","status":"publish","type":"post","link":"https:\/\/tendenciaspoliticas.com\/?p=45942","title":{"rendered":"Spagnuolo evit\u00f3 declarar y crece el esc\u00e1ndalo por millonarias irregularidades en el \u00e1rea de Discapacidad"},"content":{"rendered":"\n<p>El exfuncionario se present\u00f3 ante la Justicia pero se neg\u00f3 a responder preguntas en una causa que ya suma nuevas acusaciones.<\/p>\n\n\n\n<figure class=\"wp-block-image size-full is-resized\"><img loading=\"lazy\" decoding=\"async\" width=\"710\" height=\"399\" src=\"https:\/\/tendenciaspoliticas.com\/wp-content\/uploads\/2026\/04\/image-364.png\" alt=\"\" class=\"wp-image-45943\" style=\"width:790px;height:auto\" srcset=\"https:\/\/tendenciaspoliticas.com\/wp-content\/uploads\/2026\/04\/image-364.png 710w, https:\/\/tendenciaspoliticas.com\/wp-content\/uploads\/2026\/04\/image-364-300x169.png 300w\" sizes=\"auto, (max-width: 710px) 100vw, 710px\" \/><\/figure>\n\n\n\n<p>El caso por presuntas irregularidades en el \u00e1rea de Discapacidad sum\u00f3 un nuevo cap\u00edtulo con la presencia en tribunales de su ex titular, quien opt\u00f3 por no declarar ante el juez que investiga un esquema de fraude que ya alcanza cifras multimillonarias. La decisi\u00f3n de guardar silencio se da en un contexto en el que la causa escal\u00f3 en gravedad y complejidad.<\/p>\n\n\n\n<p>Los investigadores sostienen que el expediente ya no se limita a un \u00fanico hecho, sino que incorpora nuevas l\u00edneas vinculadas a maniobras sistem\u00e1ticas que habr\u00edan generado un perjuicio econ\u00f3mico de enorme magnitud. Entre los puntos bajo an\u00e1lisis figuran contrataciones irregulares, circuitos administrativos opacos y posibles desv\u00edos de fondos.<\/p>\n\n\n\n<p>La estrategia defensiva del exfuncionario apunta a esperar el avance de la causa antes de fijar una postura formal. Mientras tanto, el fiscal busca profundizar el an\u00e1lisis patrimonial y reconstruir el recorrido del dinero, clave para determinar responsabilidades.<\/p>\n\n\n\n<p>Desde el \u00e1mbito pol\u00edtico, el caso genera incomodidad y reaviva cuestionamientos sobre los mecanismos de control en \u00e1reas sensibles del Estado. Organizaciones vinculadas a la discapacidad tambi\u00e9n expresaron preocupaci\u00f3n por el impacto que el esc\u00e1ndalo podr\u00eda tener en programas esenciales.<\/p>\n\n\n\n<p>El expediente avanza con m\u00faltiples medidas de prueba y no se descartan nuevas imputaciones. En paralelo, la Justicia intenta determinar si existi\u00f3 una estructura organizada detr\u00e1s de las maniobras investigadas o si se trat\u00f3 de decisiones aisladas dentro de la administraci\u00f3n.<\/p>\n","protected":false},"excerpt":{"rendered":"<p>El exfuncionario se present\u00f3 ante la Justicia pero se neg\u00f3 a responder preguntas en una&#8230;<\/p>\n","protected":false},"author":2,"featured_media":0,"comment_status":"open","ping_status":"open","sticky":false,"template":"","format":"standard","meta":{"footnotes":""},"categories":[1],"tags":[14],"class_list":["post-45942","post","type-post","status-publish","format-standard","hentry","category-politica","tag-politica"],"_links":{"self":[{"href":"https:\/\/tendenciaspoliticas.com\/index.php?rest_route=\/wp\/v2\/posts\/45942","targetHints":{"allow":["GET"]}}],"collection":[{"href":"https:\/\/tendenciaspoliticas.com\/index.php?rest_route=\/wp\/v2\/posts"}],"about":[{"href":"https:\/\/tendenciaspoliticas.com\/index.php?rest_route=\/wp\/v2\/types\/post"}],"author":[{"embeddable":true,"href":"https:\/\/tendenciaspoliticas.com\/index.php?rest_route=\/wp\/v2\/users\/2"}],"replies":[{"embeddable":true,"href":"https:\/\/tendenciaspoliticas.com\/index.php?rest_route=%2Fwp%2Fv2%2Fcomments&post=45942"}],"version-history":[{"count":1,"href":"https:\/\/tendenciaspoliticas.com\/index.php?rest_route=\/wp\/v2\/posts\/45942\/revisions"}],"predecessor-version":[{"id":45944,"href":"https:\/\/tendenciaspoliticas.com\/index.php?rest_route=\/wp\/v2\/posts\/45942\/revisions\/45944"}],"wp:attachment":[{"href":"https:\/\/tendenciaspoliticas.com\/index.php?rest_route=%2Fwp%2Fv2%2Fmedia&parent=45942"}],"wp:term":[{"taxonomy":"category","embeddable":true,"href":"https:\/\/tendenciaspoliticas.com\/index.php?rest_route=%2Fwp%2Fv2%2Fcategories&post=45942"},{"taxonomy":"post_tag","embeddable":true,"href":"https:\/\/tendenciaspoliticas.com\/index.php?rest_route=%2Fwp%2Fv2%2Ftags&post=45942"}],"curies":[{"name":"wp","href":"https:\/\/api.w.org\/{rel}","templated":true}]}}