{"id":45939,"date":"2026-04-29T06:39:52","date_gmt":"2026-04-29T09:39:52","guid":{"rendered":"https:\/\/tendenciaspoliticas.com\/?p=45939"},"modified":"2026-04-29T06:39:52","modified_gmt":"2026-04-29T09:39:52","slug":"la-justicia-reconfigura-el-tablero-y-allana-el-avance-de-la-reforma-laboral-del-gobierno","status":"publish","type":"post","link":"https:\/\/tendenciaspoliticas.com\/?p=45939","title":{"rendered":"La Justicia reconfigura el tablero y allana el avance de la reforma laboral del Gobierno"},"content":{"rendered":"\n<p>Un fallo clave redefine la competencia en los conflictos sindicales y despeja un obst\u00e1culo central para la estrategia oficial.<\/p>\n\n\n\n<figure class=\"wp-block-image size-large\"><img loading=\"lazy\" decoding=\"async\" width=\"1024\" height=\"768\" src=\"https:\/\/tendenciaspoliticas.com\/wp-content\/uploads\/2026\/04\/image-363-1024x768.png\" alt=\"\" class=\"wp-image-45940\" srcset=\"https:\/\/tendenciaspoliticas.com\/wp-content\/uploads\/2026\/04\/image-363-1024x768.png 1024w, https:\/\/tendenciaspoliticas.com\/wp-content\/uploads\/2026\/04\/image-363-300x225.png 300w, https:\/\/tendenciaspoliticas.com\/wp-content\/uploads\/2026\/04\/image-363-768x576.png 768w, https:\/\/tendenciaspoliticas.com\/wp-content\/uploads\/2026\/04\/image-363.png 1040w\" sizes=\"auto, (max-width: 1024px) 100vw, 1024px\" \/><\/figure>\n\n\n\n<p>El Gobierno logr\u00f3 un avance significativo en su intento por impulsar cambios en el r\u00e9gimen laboral luego de que la Justicia resolviera modificar el \u00e1mbito en el que se tramitan los reclamos impulsados por la CGT. La decisi\u00f3n implica quitarle protagonismo al fuero laboral en este tipo de litigios, un movimiento que desde el oficialismo interpretan como una se\u00f1al favorable para destrabar reformas largamente demoradas.<\/p>\n\n\n\n<p>El fallo impacta directamente en la din\u00e1mica de judicializaci\u00f3n que, seg\u00fan el Ejecutivo, ven\u00eda ralentizando cualquier intento de modificaci\u00f3n estructural en materia laboral. En este nuevo escenario, las disputas sindicales podr\u00edan canalizarse por otras instancias judiciales consideradas m\u00e1s \u201cneutrales\u201d por sectores cercanos al Gobierno.<\/p>\n\n\n\n<p>Desde la central obrera no tardaron en manifestar su preocupaci\u00f3n. Consideran que la medida debilita las garant\u00edas hist\u00f3ricas del derecho laboral y abre la puerta a decisiones menos protectoras para los trabajadores. En paralelo, especialistas advierten que el cambio podr\u00eda derivar en una mayor fragmentaci\u00f3n de criterios judiciales.<\/p>\n\n\n\n<p>El oficialismo, sin embargo, entiende que el fallo le permite avanzar con mayor margen en su agenda de reformas, orientadas a flexibilizar condiciones de contrataci\u00f3n y reducir la litigiosidad. En ese marco, ya se trabaja en nuevos proyectos que buscar\u00e1n consolidar este giro.<\/p>\n\n\n\n<p>La resoluci\u00f3n tambi\u00e9n reaviva el debate sobre el rol de la Justicia en los conflictos pol\u00edticos y econ\u00f3micos, en un contexto donde la judicializaci\u00f3n se volvi\u00f3 un componente habitual de la disputa entre el Gobierno y distintos actores corporativos.<\/p>\n","protected":false},"excerpt":{"rendered":"<p>Un fallo clave redefine la competencia en los conflictos sindicales y despeja un obst\u00e1culo central&#8230;<\/p>\n","protected":false},"author":2,"featured_media":0,"comment_status":"open","ping_status":"open","sticky":false,"template":"","format":"standard","meta":{"footnotes":""},"categories":[1],"tags":[14],"class_list":["post-45939","post","type-post","status-publish","format-standard","hentry","category-politica","tag-politica"],"_links":{"self":[{"href":"https:\/\/tendenciaspoliticas.com\/index.php?rest_route=\/wp\/v2\/posts\/45939","targetHints":{"allow":["GET"]}}],"collection":[{"href":"https:\/\/tendenciaspoliticas.com\/index.php?rest_route=\/wp\/v2\/posts"}],"about":[{"href":"https:\/\/tendenciaspoliticas.com\/index.php?rest_route=\/wp\/v2\/types\/post"}],"author":[{"embeddable":true,"href":"https:\/\/tendenciaspoliticas.com\/index.php?rest_route=\/wp\/v2\/users\/2"}],"replies":[{"embeddable":true,"href":"https:\/\/tendenciaspoliticas.com\/index.php?rest_route=%2Fwp%2Fv2%2Fcomments&post=45939"}],"version-history":[{"count":1,"href":"https:\/\/tendenciaspoliticas.com\/index.php?rest_route=\/wp\/v2\/posts\/45939\/revisions"}],"predecessor-version":[{"id":45941,"href":"https:\/\/tendenciaspoliticas.com\/index.php?rest_route=\/wp\/v2\/posts\/45939\/revisions\/45941"}],"wp:attachment":[{"href":"https:\/\/tendenciaspoliticas.com\/index.php?rest_route=%2Fwp%2Fv2%2Fmedia&parent=45939"}],"wp:term":[{"taxonomy":"category","embeddable":true,"href":"https:\/\/tendenciaspoliticas.com\/index.php?rest_route=%2Fwp%2Fv2%2Fcategories&post=45939"},{"taxonomy":"post_tag","embeddable":true,"href":"https:\/\/tendenciaspoliticas.com\/index.php?rest_route=%2Fwp%2Fv2%2Ftags&post=45939"}],"curies":[{"name":"wp","href":"https:\/\/api.w.org\/{rel}","templated":true}]}}