{"id":45936,"date":"2026-04-28T16:35:00","date_gmt":"2026-04-28T19:35:00","guid":{"rendered":"https:\/\/tendenciaspoliticas.com\/?p=45936"},"modified":"2026-04-28T09:36:13","modified_gmt":"2026-04-28T12:36:13","slug":"mexico-detuvo-a-el-jardinero-senalado-como-posible-sucesor-del-lider-del-cjng","status":"publish","type":"post","link":"https:\/\/tendenciaspoliticas.com\/?p=45936","title":{"rendered":"M\u00e9xico detuvo a \u201cEl Jardinero\u201d, se\u00f1alado como posible sucesor del l\u00edder del CJNG"},"content":{"rendered":"\n<figure class=\"wp-block-image size-large\"><img loading=\"lazy\" decoding=\"async\" width=\"1024\" height=\"683\" src=\"https:\/\/tendenciaspoliticas.com\/wp-content\/uploads\/2026\/04\/image-362-1024x683.png\" alt=\"\" class=\"wp-image-45937\" srcset=\"https:\/\/tendenciaspoliticas.com\/wp-content\/uploads\/2026\/04\/image-362-1024x683.png 1024w, https:\/\/tendenciaspoliticas.com\/wp-content\/uploads\/2026\/04\/image-362-300x200.png 300w, https:\/\/tendenciaspoliticas.com\/wp-content\/uploads\/2026\/04\/image-362-768x512.png 768w, https:\/\/tendenciaspoliticas.com\/wp-content\/uploads\/2026\/04\/image-362.png 1200w\" sizes=\"auto, (max-width: 1024px) 100vw, 1024px\" \/><\/figure>\n\n\n\n<p>El operativo se realiz\u00f3 en Nayarit sin enfrentamientos y permiti\u00f3 capturar tambi\u00e9n a un operador financiero clave; por el detenido se ofrec\u00eda una recompensa de cinco millones de d\u00f3lares.<\/p>\n\n\n\n<p>Las autoridades mexicanas detuvieron a Audias Flores Silva, alias \u201cEl Jardinero\u201d, uno de los principales referentes del C\u00e1rtel Jalisco Nueva Generaci\u00f3n (CJNG) y se\u00f1alado como posible sucesor de su hist\u00f3rico l\u00edder. El arresto se concret\u00f3 en el estado de Nayarit durante un amplio operativo de seguridad que no registr\u00f3 enfrentamientos ni v\u00edctimas, seg\u00fan informaron fuentes oficiales.<\/p>\n\n\n\n<p>El procedimiento fue llevado adelante de manera coordinada por fuerzas federales, con participaci\u00f3n de la Secretar\u00eda de Marina, la Secretar\u00eda de Seguridad y la Fiscal\u00eda General, en base a tareas de inteligencia que incluyeron cooperaci\u00f3n con agencias de Estados Unidos. En el despliegue intervinieron cientos de efectivos, junto con apoyo a\u00e9reo y tecnolog\u00eda de seguimiento.<\/p>\n\n\n\n<p>Flores Silva fue localizado en una zona rural, donde se encontraba oculto en una estructura especialmente acondicionada y bajo protecci\u00f3n de un grupo armado. Durante el mismo operativo tambi\u00e9n fue detenido un presunto operador financiero de la organizaci\u00f3n, considerado clave para el manejo de recursos del cartel.<\/p>\n\n\n\n<p>El detenido, de 45 a\u00f1os, estaba en la mira de autoridades estadounidenses, que hab\u00edan ofrecido una recompensa de cinco millones de d\u00f3lares por informaci\u00f3n que permitiera su captura. Su perfil dentro del CJNG lo ubicaba como uno de los jefes regionales con mayor influencia, con operaciones en varios estados y participaci\u00f3n en actividades vinculadas al narcotr\u00e1fico y la producci\u00f3n de drogas sint\u00e9ticas.<\/p>\n\n\n\n<p>La investigaci\u00f3n internacional en su contra inclu\u00eda antecedentes por tr\u00e1fico de drogas y pedidos de extradici\u00f3n. Su captura representa un golpe relevante para la estructura del CJNG, en un contexto de disputa interna por el liderazgo de la organizaci\u00f3n tras la ca\u00edda de su principal referente.<\/p>\n","protected":false},"excerpt":{"rendered":"<p>El operativo se realiz\u00f3 en Nayarit sin enfrentamientos y permiti\u00f3 capturar tambi\u00e9n a un operador&#8230;<\/p>\n","protected":false},"author":2,"featured_media":0,"comment_status":"open","ping_status":"open","sticky":false,"template":"","format":"standard","meta":{"footnotes":""},"categories":[11,13],"tags":[16],"class_list":["post-45936","post","type-post","status-publish","format-standard","hentry","category-internacionales","category-ultima-noticia","tag-internacionales"],"_links":{"self":[{"href":"https:\/\/tendenciaspoliticas.com\/index.php?rest_route=\/wp\/v2\/posts\/45936","targetHints":{"allow":["GET"]}}],"collection":[{"href":"https:\/\/tendenciaspoliticas.com\/index.php?rest_route=\/wp\/v2\/posts"}],"about":[{"href":"https:\/\/tendenciaspoliticas.com\/index.php?rest_route=\/wp\/v2\/types\/post"}],"author":[{"embeddable":true,"href":"https:\/\/tendenciaspoliticas.com\/index.php?rest_route=\/wp\/v2\/users\/2"}],"replies":[{"embeddable":true,"href":"https:\/\/tendenciaspoliticas.com\/index.php?rest_route=%2Fwp%2Fv2%2Fcomments&post=45936"}],"version-history":[{"count":1,"href":"https:\/\/tendenciaspoliticas.com\/index.php?rest_route=\/wp\/v2\/posts\/45936\/revisions"}],"predecessor-version":[{"id":45938,"href":"https:\/\/tendenciaspoliticas.com\/index.php?rest_route=\/wp\/v2\/posts\/45936\/revisions\/45938"}],"wp:attachment":[{"href":"https:\/\/tendenciaspoliticas.com\/index.php?rest_route=%2Fwp%2Fv2%2Fmedia&parent=45936"}],"wp:term":[{"taxonomy":"category","embeddable":true,"href":"https:\/\/tendenciaspoliticas.com\/index.php?rest_route=%2Fwp%2Fv2%2Fcategories&post=45936"},{"taxonomy":"post_tag","embeddable":true,"href":"https:\/\/tendenciaspoliticas.com\/index.php?rest_route=%2Fwp%2Fv2%2Ftags&post=45936"}],"curies":[{"name":"wp","href":"https:\/\/api.w.org\/{rel}","templated":true}]}}