{"id":45933,"date":"2026-04-28T09:34:20","date_gmt":"2026-04-28T12:34:20","guid":{"rendered":"https:\/\/tendenciaspoliticas.com\/?p=45933"},"modified":"2026-04-28T09:34:20","modified_gmt":"2026-04-28T12:34:20","slug":"juicio-por-la-muerte-de-maradona-declara-el-psicologo-diaz-y-crece-la-expectativa-en-una-audiencia-clave","status":"publish","type":"post","link":"https:\/\/tendenciaspoliticas.com\/?p=45933","title":{"rendered":"Juicio por la muerte de Maradona: declara el psic\u00f3logo D\u00edaz y crece la expectativa en una audiencia clave"},"content":{"rendered":"\n<p>El imputado dar\u00e1 su versi\u00f3n en el proceso que busca determinar responsabilidades penales por la muerte del exfutbolista, en medio de testimonios sensibles y un expediente complejo.<\/p>\n\n\n\n<figure class=\"wp-block-image size-large\"><img loading=\"lazy\" decoding=\"async\" width=\"1024\" height=\"576\" src=\"https:\/\/tendenciaspoliticas.com\/wp-content\/uploads\/2026\/04\/image-361-1024x576.png\" alt=\"\" class=\"wp-image-45934\" srcset=\"https:\/\/tendenciaspoliticas.com\/wp-content\/uploads\/2026\/04\/image-361-1024x576.png 1024w, https:\/\/tendenciaspoliticas.com\/wp-content\/uploads\/2026\/04\/image-361-300x169.png 300w, https:\/\/tendenciaspoliticas.com\/wp-content\/uploads\/2026\/04\/image-361-768x432.png 768w, https:\/\/tendenciaspoliticas.com\/wp-content\/uploads\/2026\/04\/image-361.png 1280w\" sizes=\"auto, (max-width: 1024px) 100vw, 1024px\" \/><\/figure>\n\n\n\n<p>El juicio por la muerte de Diego Maradona atraviesa una instancia decisiva con la declaraci\u00f3n prevista del psic\u00f3logo Carlos D\u00edaz, uno de los siete acusados en la causa. La audiencia se desarrolla ante el Tribunal Oral en lo Criminal N\u00b07 de San Isidro, en el marco del segundo proceso judicial tras la nulidad del debate anterior, y concentra la atenci\u00f3n en la versi\u00f3n del imputado sobre su rol en los d\u00edas previos al fallecimiento del exfutbolista.<\/p>\n\n\n\n<p>D\u00edaz est\u00e1 acusado de homicidio simple con dolo eventual, al igual que otros integrantes del equipo m\u00e9dico que asist\u00eda a Maradona durante su internaci\u00f3n domiciliaria. Su defensa sostiene que su intervenci\u00f3n estuvo orientada a un tratamiento espec\u00edfico y que no exist\u00edan se\u00f1ales de riesgo vital en el paciente bajo su observaci\u00f3n. En esa l\u00ednea, el propio psic\u00f3logo ya hab\u00eda negado durante la instrucci\u00f3n cualquier participaci\u00f3n en un supuesto plan que derivara en la muerte.<\/p>\n\n\n\n<p>Antes de su declaraci\u00f3n, la jornada incluye testimonios de alto impacto, entre ellos el de Ver\u00f3nica Ojeda, expareja de Maradona, y el de Rita Maradona, hermana del exjugador. Tambi\u00e9n se prev\u00e9 la participaci\u00f3n de un comisario de la Polic\u00eda Cient\u00edfica. En audiencias anteriores, Ojeda hab\u00eda brindado un relato cr\u00edtico sobre las condiciones en las que encontr\u00f3 a Maradona en sus \u00faltimos d\u00edas, describiendo un cuadro de abandono y deterioro.<\/p>\n\n\n\n<p>El proceso judicial busca establecer si hubo negligencia o conductas deliberadas que contribuyeron al desenlace fatal. Con m\u00faltiples imputados y versiones contrapuestas, el juicio avanza sobre un entramado de responsabilidades m\u00e9dicas y decisiones cl\u00ednicas que siguen bajo an\u00e1lisis.<\/p>\n","protected":false},"excerpt":{"rendered":"<p>El imputado dar\u00e1 su versi\u00f3n en el proceso que busca determinar responsabilidades penales por la&#8230;<\/p>\n","protected":false},"author":2,"featured_media":0,"comment_status":"open","ping_status":"open","sticky":false,"template":"","format":"standard","meta":{"footnotes":""},"categories":[13],"tags":[28],"class_list":["post-45933","post","type-post","status-publish","format-standard","hentry","category-ultima-noticia","tag-justicia"],"_links":{"self":[{"href":"https:\/\/tendenciaspoliticas.com\/index.php?rest_route=\/wp\/v2\/posts\/45933","targetHints":{"allow":["GET"]}}],"collection":[{"href":"https:\/\/tendenciaspoliticas.com\/index.php?rest_route=\/wp\/v2\/posts"}],"about":[{"href":"https:\/\/tendenciaspoliticas.com\/index.php?rest_route=\/wp\/v2\/types\/post"}],"author":[{"embeddable":true,"href":"https:\/\/tendenciaspoliticas.com\/index.php?rest_route=\/wp\/v2\/users\/2"}],"replies":[{"embeddable":true,"href":"https:\/\/tendenciaspoliticas.com\/index.php?rest_route=%2Fwp%2Fv2%2Fcomments&post=45933"}],"version-history":[{"count":1,"href":"https:\/\/tendenciaspoliticas.com\/index.php?rest_route=\/wp\/v2\/posts\/45933\/revisions"}],"predecessor-version":[{"id":45935,"href":"https:\/\/tendenciaspoliticas.com\/index.php?rest_route=\/wp\/v2\/posts\/45933\/revisions\/45935"}],"wp:attachment":[{"href":"https:\/\/tendenciaspoliticas.com\/index.php?rest_route=%2Fwp%2Fv2%2Fmedia&parent=45933"}],"wp:term":[{"taxonomy":"category","embeddable":true,"href":"https:\/\/tendenciaspoliticas.com\/index.php?rest_route=%2Fwp%2Fv2%2Fcategories&post=45933"},{"taxonomy":"post_tag","embeddable":true,"href":"https:\/\/tendenciaspoliticas.com\/index.php?rest_route=%2Fwp%2Fv2%2Ftags&post=45933"}],"curies":[{"name":"wp","href":"https:\/\/api.w.org\/{rel}","templated":true}]}}