{"id":45930,"date":"2026-04-28T16:30:00","date_gmt":"2026-04-28T19:30:00","guid":{"rendered":"https:\/\/tendenciaspoliticas.com\/?p=45930"},"modified":"2026-04-28T09:33:19","modified_gmt":"2026-04-28T12:33:19","slug":"incendio-en-sociales-de-la-uba-evacuaron-la-sede-de-constitucion-y-no-hubo-heridos","status":"publish","type":"post","link":"https:\/\/tendenciaspoliticas.com\/?p=45930","title":{"rendered":"Incendio en Sociales de la UBA: evacuaron la sede de Constituci\u00f3n y no hubo heridos"},"content":{"rendered":"\n<p>El fuego se origin\u00f3 en un sector interno del edificio y fue controlado r\u00e1pidamente por personal de la facultad y bomberos.<\/p>\n\n\n\n<figure class=\"wp-block-image size-full is-resized\"><img loading=\"lazy\" decoding=\"async\" width=\"300\" height=\"168\" src=\"https:\/\/tendenciaspoliticas.com\/wp-content\/uploads\/2026\/04\/image-360.png\" alt=\"\" class=\"wp-image-45931\" style=\"width:790px;height:auto\"\/><\/figure>\n\n\n\n<p>Un incendio gener\u00f3 momentos de tensi\u00f3n en la Facultad de Ciencias Sociales de la UBA, en su sede del barrio porte\u00f1o de Constituci\u00f3n, aunque la situaci\u00f3n fue contenida sin consecuencias graves. El foco \u00edgneo se desat\u00f3 en un sector del edificio que da hacia la calle Humberto 1\u00b0 y fue advertido inicialmente por estudiantes, quienes difundieron im\u00e1genes y videos en redes sociales.<\/p>\n\n\n\n<p>Seg\u00fan inform\u00f3 la instituci\u00f3n, el incendio se produjo en el ala correspondiente a ese sector, dentro de un patio interno donde se encontraban contenedores de residuos. El fuego comenz\u00f3 en ese espacio a cielo abierto y fue r\u00e1pidamente abordado por el personal de mantenimiento mediante el sistema contra incendios del establecimiento, hasta la llegada de los bomberos de la Ciudad.<\/p>\n\n\n\n<p>Una vez en el lugar, los equipos de emergencia lograron controlar el proceso con rapidez, evitando su propagaci\u00f3n a otras \u00e1reas del edificio. En paralelo, se realiz\u00f3 una evacuaci\u00f3n preventiva ordenada de estudiantes y personal, sin que se registraran escenas de p\u00e1nico.<\/p>\n\n\n\n<p>El operativo incluy\u00f3 adem\u00e1s tareas de ventilaci\u00f3n a cargo de grupos especializados, con el objetivo de disipar el humo acumulado en el interior del complejo. Personal del SAME asisti\u00f3 a dos personas por control cl\u00ednico, aunque no fue necesario su traslado a centros de salud.<\/p>\n\n\n\n<p>Las autoridades confirmaron que no hubo heridos ni da\u00f1os estructurales de gravedad. Tras el incidente, la facultad suspendi\u00f3 moment\u00e1neamente sus actividades mientras se completaban las tareas de seguridad. El episodio, que gener\u00f3 preocupa<\/p>\n","protected":false},"excerpt":{"rendered":"<p>El fuego se origin\u00f3 en un sector interno del edificio y fue controlado r\u00e1pidamente por&#8230;<\/p>\n","protected":false},"author":2,"featured_media":0,"comment_status":"open","ping_status":"open","sticky":false,"template":"","format":"standard","meta":{"footnotes":""},"categories":[40,13],"tags":[39],"class_list":["post-45930","post","type-post","status-publish","format-standard","hentry","category-sociedad","category-ultima-noticia","tag-sociedad"],"_links":{"self":[{"href":"https:\/\/tendenciaspoliticas.com\/index.php?rest_route=\/wp\/v2\/posts\/45930","targetHints":{"allow":["GET"]}}],"collection":[{"href":"https:\/\/tendenciaspoliticas.com\/index.php?rest_route=\/wp\/v2\/posts"}],"about":[{"href":"https:\/\/tendenciaspoliticas.com\/index.php?rest_route=\/wp\/v2\/types\/post"}],"author":[{"embeddable":true,"href":"https:\/\/tendenciaspoliticas.com\/index.php?rest_route=\/wp\/v2\/users\/2"}],"replies":[{"embeddable":true,"href":"https:\/\/tendenciaspoliticas.com\/index.php?rest_route=%2Fwp%2Fv2%2Fcomments&post=45930"}],"version-history":[{"count":1,"href":"https:\/\/tendenciaspoliticas.com\/index.php?rest_route=\/wp\/v2\/posts\/45930\/revisions"}],"predecessor-version":[{"id":45932,"href":"https:\/\/tendenciaspoliticas.com\/index.php?rest_route=\/wp\/v2\/posts\/45930\/revisions\/45932"}],"wp:attachment":[{"href":"https:\/\/tendenciaspoliticas.com\/index.php?rest_route=%2Fwp%2Fv2%2Fmedia&parent=45930"}],"wp:term":[{"taxonomy":"category","embeddable":true,"href":"https:\/\/tendenciaspoliticas.com\/index.php?rest_route=%2Fwp%2Fv2%2Fcategories&post=45930"},{"taxonomy":"post_tag","embeddable":true,"href":"https:\/\/tendenciaspoliticas.com\/index.php?rest_route=%2Fwp%2Fv2%2Ftags&post=45930"}],"curies":[{"name":"wp","href":"https:\/\/api.w.org\/{rel}","templated":true}]}}