{"id":45927,"date":"2026-04-28T16:29:00","date_gmt":"2026-04-28T19:29:00","guid":{"rendered":"https:\/\/tendenciaspoliticas.com\/?p=45927"},"modified":"2026-04-28T09:30:38","modified_gmt":"2026-04-28T12:30:38","slug":"temporal-en-punta-del-este-yates-encallados-y-una-cria-de-orca-sacrificada-tras-quedar-varada","status":"publish","type":"post","link":"https:\/\/tendenciaspoliticas.com\/?p=45927","title":{"rendered":"Temporal en Punta del Este: yates encallados y una cr\u00eda de orca sacrificada tras quedar varada"},"content":{"rendered":"\n<figure class=\"wp-block-image size-large\"><img loading=\"lazy\" decoding=\"async\" width=\"1024\" height=\"505\" src=\"https:\/\/tendenciaspoliticas.com\/wp-content\/uploads\/2026\/04\/image-359-1024x505.png\" alt=\"\" class=\"wp-image-45928\" srcset=\"https:\/\/tendenciaspoliticas.com\/wp-content\/uploads\/2026\/04\/image-359-1024x505.png 1024w, https:\/\/tendenciaspoliticas.com\/wp-content\/uploads\/2026\/04\/image-359-300x148.png 300w, https:\/\/tendenciaspoliticas.com\/wp-content\/uploads\/2026\/04\/image-359-768x379.png 768w, https:\/\/tendenciaspoliticas.com\/wp-content\/uploads\/2026\/04\/image-359.png 1256w\" sizes=\"auto, (max-width: 1024px) 100vw, 1024px\" \/><\/figure>\n\n\n\n<p>El fuerte viento provoc\u00f3 destrozos en el puerto, rompi\u00f3 amarras de embarcaciones y oblig\u00f3 a cerrar zonas peatonales; el cet\u00e1ceo no pudo ser reinsertado al mar.<br><\/p>\n\n\n\n<p>Un intenso temporal de viento que afect\u00f3 la costa rioplatense gener\u00f3 importantes da\u00f1os en Punta del Este, donde dos yates terminaron encallados tras soltarse de sus amarras y derivar sin control hacia la costa. Las embarcaciones impactaron contra la pasarela peatonal del puerto, a la altura del mirador La Glorieta, provocando destrozos en la estructura y obligando a las autoridades a restringir el acceso al \u00e1rea por razones de seguridad.<\/p>\n\n\n\n<p>El primero de los incidentes ocurri\u00f3 el domingo, cuando un yate sin tripulaci\u00f3n qued\u00f3 varado luego de ser arrastrado por las r\u00e1fagas. Horas m\u00e1s tarde, ya durante la madrugada del lunes, una segunda embarcaci\u00f3n se desprendi\u00f3 de su amarre y sigui\u00f3 una trayectoria similar, colisionando en la misma zona. Ambos barcos permanecen encallados y se eval\u00faa su remoci\u00f3n mediante gr\u00faas, una vez que mejoren las condiciones clim\u00e1ticas.<\/p>\n\n\n\n<p>El temporal tambi\u00e9n tuvo impacto en la fauna marina. En las inmediaciones de la Parada 1 de Playa Mansa, una cr\u00eda de orca apareci\u00f3 varada y, pese a los reiterados intentos de rescate, no logr\u00f3 ser reintroducida en aguas profundas. El animal, de aproximadamente dos metros de longitud, regresaba constantemente a la orilla, lo que complic\u00f3 las tareas de asistencia.<\/p>\n\n\n\n<p>Tras evaluar su estado, especialistas y autoridades resolvieron sacrificarlo. En el operativo participaron guardavidas, personal de Prefectura y t\u00e9cnicos del \u00e1rea ambiental, quienes tambi\u00e9n tomaron muestras para su an\u00e1lisis. El episodio refleja la magnitud del fen\u00f3meno clim\u00e1tico y sus consecuencias tanto en la infraestructura como en el ecosistema costero.<\/p>\n","protected":false},"excerpt":{"rendered":"<p>El fuerte viento provoc\u00f3 destrozos en el puerto, rompi\u00f3 amarras de embarcaciones y oblig\u00f3 a&#8230;<\/p>\n","protected":false},"author":2,"featured_media":0,"comment_status":"open","ping_status":"open","sticky":false,"template":"","format":"standard","meta":{"footnotes":""},"categories":[40],"tags":[39],"class_list":["post-45927","post","type-post","status-publish","format-standard","hentry","category-sociedad","tag-sociedad"],"_links":{"self":[{"href":"https:\/\/tendenciaspoliticas.com\/index.php?rest_route=\/wp\/v2\/posts\/45927","targetHints":{"allow":["GET"]}}],"collection":[{"href":"https:\/\/tendenciaspoliticas.com\/index.php?rest_route=\/wp\/v2\/posts"}],"about":[{"href":"https:\/\/tendenciaspoliticas.com\/index.php?rest_route=\/wp\/v2\/types\/post"}],"author":[{"embeddable":true,"href":"https:\/\/tendenciaspoliticas.com\/index.php?rest_route=\/wp\/v2\/users\/2"}],"replies":[{"embeddable":true,"href":"https:\/\/tendenciaspoliticas.com\/index.php?rest_route=%2Fwp%2Fv2%2Fcomments&post=45927"}],"version-history":[{"count":1,"href":"https:\/\/tendenciaspoliticas.com\/index.php?rest_route=\/wp\/v2\/posts\/45927\/revisions"}],"predecessor-version":[{"id":45929,"href":"https:\/\/tendenciaspoliticas.com\/index.php?rest_route=\/wp\/v2\/posts\/45927\/revisions\/45929"}],"wp:attachment":[{"href":"https:\/\/tendenciaspoliticas.com\/index.php?rest_route=%2Fwp%2Fv2%2Fmedia&parent=45927"}],"wp:term":[{"taxonomy":"category","embeddable":true,"href":"https:\/\/tendenciaspoliticas.com\/index.php?rest_route=%2Fwp%2Fv2%2Fcategories&post=45927"},{"taxonomy":"post_tag","embeddable":true,"href":"https:\/\/tendenciaspoliticas.com\/index.php?rest_route=%2Fwp%2Fv2%2Ftags&post=45927"}],"curies":[{"name":"wp","href":"https:\/\/api.w.org\/{rel}","templated":true}]}}