{"id":45924,"date":"2026-04-28T16:27:00","date_gmt":"2026-04-28T19:27:00","guid":{"rendered":"https:\/\/tendenciaspoliticas.com\/?p=45924"},"modified":"2026-04-28T09:29:15","modified_gmt":"2026-04-28T12:29:15","slug":"panini-lanza-las-figuritas-del-mundial-con-refuerzo-logistico-y-promete-evitar-faltantes","status":"publish","type":"post","link":"https:\/\/tendenciaspoliticas.com\/?p=45924","title":{"rendered":"Panini lanza las figuritas del Mundial con refuerzo log\u00edstico y promete evitar faltantes"},"content":{"rendered":"\n<p>La colecci\u00f3n sale el 30 de abril en medio de una alta demanda anticipada; aseguran distribuci\u00f3n controlada y medidas de seguridad para garantizar el abastecimiento.<\/p>\n\n\n\n<figure class=\"wp-block-image size-large\"><img loading=\"lazy\" decoding=\"async\" width=\"1024\" height=\"505\" src=\"https:\/\/tendenciaspoliticas.com\/wp-content\/uploads\/2026\/04\/image-358-1024x505.png\" alt=\"\" class=\"wp-image-45925\" srcset=\"https:\/\/tendenciaspoliticas.com\/wp-content\/uploads\/2026\/04\/image-358-1024x505.png 1024w, https:\/\/tendenciaspoliticas.com\/wp-content\/uploads\/2026\/04\/image-358-300x148.png 300w, https:\/\/tendenciaspoliticas.com\/wp-content\/uploads\/2026\/04\/image-358-768x379.png 768w, https:\/\/tendenciaspoliticas.com\/wp-content\/uploads\/2026\/04\/image-358.png 1256w\" sizes=\"auto, (max-width: 1024px) 100vw, 1024px\" \/><\/figure>\n\n\n\n<p>El lanzamiento del \u00e1lbum y las figuritas del Mundial 2026 ya tiene fecha confirmada y llega con un operativo reforzado para evitar los problemas de abastecimiento que marcaron la edici\u00f3n anterior. La empresa Panini anunci\u00f3 que la colecci\u00f3n estar\u00e1 disponible desde el 30 de abril y asegur\u00f3 que implement\u00f3 un esquema log\u00edstico m\u00e1s robusto, con controles en la distribuci\u00f3n y medidas de seguridad para prevenir desv\u00edos o irregularidades en el reparto.<\/p>\n\n\n\n<p>La expectativa en el mercado es alta y se refleja en la demanda anticipada en kioscos y puntos de venta, donde desde hace semanas los clientes consultan por la llegada del producto. Comerciantes advierten sobre la presi\u00f3n diaria de compradores, especialmente chicos, en un contexto de fuerte entusiasmo por la selecci\u00f3n argentina y sus figuras.<\/p>\n\n\n\n<p>La nueva colecci\u00f3n ser\u00e1 la m\u00e1s extensa hasta el momento, con un \u00e1lbum de 112 p\u00e1ginas que incluir\u00e1 a las 48 selecciones participantes. En total, se estima que habr\u00e1 cerca de 980 figuritas, lo que implica un salto significativo respecto de ediciones anteriores. Cada paquete contendr\u00e1 siete unidades y, seg\u00fan referencias del mercado, el precio rondar\u00e1 los $2.000 por sobre, mientras que el \u00e1lbum base se ubicar\u00eda en torno a los $15.000.<\/p>\n\n\n\n<p>Desde la compa\u00f1\u00eda destacan que el aumento en la cantidad de equipos ampl\u00eda la colecci\u00f3n, pero tambi\u00e9n exige una mayor planificaci\u00f3n en la producci\u00f3n y distribuci\u00f3n. En ese sentido, aseguran que el objetivo es sostener la disponibilidad en todos los puntos de venta y evitar especulaci\u00f3n o faltantes. Adem\u00e1s, anticipan versiones alternativas del \u00e1lbum, incluyendo una edici\u00f3n de tapa dura y una variante especial pensada para el mercado local.<\/p>\n","protected":false},"excerpt":{"rendered":"<p>La colecci\u00f3n sale el 30 de abril en medio de una alta demanda anticipada; aseguran&#8230;<\/p>\n","protected":false},"author":2,"featured_media":0,"comment_status":"open","ping_status":"open","sticky":false,"template":"","format":"standard","meta":{"footnotes":""},"categories":[40,13],"tags":[39],"class_list":["post-45924","post","type-post","status-publish","format-standard","hentry","category-sociedad","category-ultima-noticia","tag-sociedad"],"_links":{"self":[{"href":"https:\/\/tendenciaspoliticas.com\/index.php?rest_route=\/wp\/v2\/posts\/45924","targetHints":{"allow":["GET"]}}],"collection":[{"href":"https:\/\/tendenciaspoliticas.com\/index.php?rest_route=\/wp\/v2\/posts"}],"about":[{"href":"https:\/\/tendenciaspoliticas.com\/index.php?rest_route=\/wp\/v2\/types\/post"}],"author":[{"embeddable":true,"href":"https:\/\/tendenciaspoliticas.com\/index.php?rest_route=\/wp\/v2\/users\/2"}],"replies":[{"embeddable":true,"href":"https:\/\/tendenciaspoliticas.com\/index.php?rest_route=%2Fwp%2Fv2%2Fcomments&post=45924"}],"version-history":[{"count":1,"href":"https:\/\/tendenciaspoliticas.com\/index.php?rest_route=\/wp\/v2\/posts\/45924\/revisions"}],"predecessor-version":[{"id":45926,"href":"https:\/\/tendenciaspoliticas.com\/index.php?rest_route=\/wp\/v2\/posts\/45924\/revisions\/45926"}],"wp:attachment":[{"href":"https:\/\/tendenciaspoliticas.com\/index.php?rest_route=%2Fwp%2Fv2%2Fmedia&parent=45924"}],"wp:term":[{"taxonomy":"category","embeddable":true,"href":"https:\/\/tendenciaspoliticas.com\/index.php?rest_route=%2Fwp%2Fv2%2Fcategories&post=45924"},{"taxonomy":"post_tag","embeddable":true,"href":"https:\/\/tendenciaspoliticas.com\/index.php?rest_route=%2Fwp%2Fv2%2Ftags&post=45924"}],"curies":[{"name":"wp","href":"https:\/\/api.w.org\/{rel}","templated":true}]}}