{"id":45921,"date":"2026-04-28T16:27:00","date_gmt":"2026-04-28T19:27:00","guid":{"rendered":"https:\/\/tendenciaspoliticas.com\/?p=45921"},"modified":"2026-04-28T09:27:54","modified_gmt":"2026-04-28T12:27:54","slug":"avanza-la-causa-contra-el-titular-de-arca-la-justicia-ordena-nuevas-pruebas-por-presunto-enriquecimiento-y-lavado","status":"publish","type":"post","link":"https:\/\/tendenciaspoliticas.com\/?p=45921","title":{"rendered":"Avanza la causa contra el titular de ARCA: la Justicia ordena nuevas pruebas por presunto enriquecimiento y lavado"},"content":{"rendered":"\n<p>El juez Mart\u00ednez De Giorgi habilit\u00f3 medidas para profundizar la investigaci\u00f3n sobre Andr\u00e9s V\u00e1zquez, pese a que el Gobierno sosten\u00eda que el caso estaba cerrado.<\/p>\n\n\n\n<figure class=\"wp-block-image size-full is-resized\"><img loading=\"lazy\" decoding=\"async\" width=\"420\" height=\"280\" src=\"https:\/\/tendenciaspoliticas.com\/wp-content\/uploads\/2026\/04\/image-357.png\" alt=\"\" class=\"wp-image-45922\" style=\"width:790px;height:auto\" srcset=\"https:\/\/tendenciaspoliticas.com\/wp-content\/uploads\/2026\/04\/image-357.png 420w, https:\/\/tendenciaspoliticas.com\/wp-content\/uploads\/2026\/04\/image-357-300x200.png 300w\" sizes=\"auto, (max-width: 420px) 100vw, 420px\" \/><\/figure>\n\n\n\n<p>La Justicia federal resolvi\u00f3 impulsar nuevas medidas de prueba en la investigaci\u00f3n contra el titular de la Agencia de Recaudaci\u00f3n y Control Aduanero (ARCA), Andr\u00e9s V\u00e1zquez, en una causa que lo involucra por presunto enriquecimiento il\u00edcito, lavado de dinero y evasi\u00f3n tributaria. La decisi\u00f3n fue tomada por el juez Marcelo Mart\u00ednez De Giorgi, quien hizo lugar a un pedido de la Procuradur\u00eda de Investigaciones Administrativas (PIA) para ampliar el alcance de la pesquisa.<\/p>\n\n\n\n<p>El avance judicial se produjo horas antes de que el magistrado iniciara una licencia y contempla una serie de requerimientos a organismos p\u00fablicos, entidades privadas y tambi\u00e9n pedidos de informaci\u00f3n a otros pa\u00edses. El foco est\u00e1 puesto en posibles inconsistencias patrimoniales, incluyendo la adquisici\u00f3n de propiedades en el exterior, el uso de sociedades presuntamente instrumentales y movimientos de fondos entre Argentina, Estados Unidos y Emiratos \u00c1rabes Unidos.<\/p>\n\n\n\n<p>Entre los puntos bajo an\u00e1lisis aparece una firma vinculada al funcionario, se\u00f1alada como posible pantalla para canalizar operaciones, as\u00ed como la compra de inmuebles de alto valor que habr\u00edan sido subdeclarados. Tambi\u00e9n se investigan circuitos financieros que podr\u00edan haber servido para ocultar activos no informados ante los organismos de control.<\/p>\n\n\n\n<p>Pese a la ampliaci\u00f3n de la causa, el juez no fij\u00f3 a\u00fan fecha para una eventual indagatoria, aunque el fiscal interviniente sostuvo que existen elementos suficientes para avanzar en esa direcci\u00f3n. En paralelo, el Gobierno hab\u00eda planteado que el expediente ya hab\u00eda sido cerrado bajo el principio de cosa juzgada, postura que qued\u00f3 en tensi\u00f3n tras esta nueva resoluci\u00f3n judicial.<\/p>\n\n\n\n<p>La investigaci\u00f3n, iniciada en 2024, busca determinar si el funcionario omiti\u00f3 declarar bienes y si existen maniobras destinadas a encubrir el origen de fondos, en un expediente que suma complejidad y podr\u00eda escalar en los pr\u00f3ximos meses.<\/p>\n","protected":false},"excerpt":{"rendered":"<p>El juez Mart\u00ednez De Giorgi habilit\u00f3 medidas para profundizar la investigaci\u00f3n sobre Andr\u00e9s V\u00e1zquez, pese&#8230;<\/p>\n","protected":false},"author":2,"featured_media":0,"comment_status":"open","ping_status":"open","sticky":false,"template":"","format":"standard","meta":{"footnotes":""},"categories":[1,13],"tags":[14],"class_list":["post-45921","post","type-post","status-publish","format-standard","hentry","category-politica","category-ultima-noticia","tag-politica"],"_links":{"self":[{"href":"https:\/\/tendenciaspoliticas.com\/index.php?rest_route=\/wp\/v2\/posts\/45921","targetHints":{"allow":["GET"]}}],"collection":[{"href":"https:\/\/tendenciaspoliticas.com\/index.php?rest_route=\/wp\/v2\/posts"}],"about":[{"href":"https:\/\/tendenciaspoliticas.com\/index.php?rest_route=\/wp\/v2\/types\/post"}],"author":[{"embeddable":true,"href":"https:\/\/tendenciaspoliticas.com\/index.php?rest_route=\/wp\/v2\/users\/2"}],"replies":[{"embeddable":true,"href":"https:\/\/tendenciaspoliticas.com\/index.php?rest_route=%2Fwp%2Fv2%2Fcomments&post=45921"}],"version-history":[{"count":1,"href":"https:\/\/tendenciaspoliticas.com\/index.php?rest_route=\/wp\/v2\/posts\/45921\/revisions"}],"predecessor-version":[{"id":45923,"href":"https:\/\/tendenciaspoliticas.com\/index.php?rest_route=\/wp\/v2\/posts\/45921\/revisions\/45923"}],"wp:attachment":[{"href":"https:\/\/tendenciaspoliticas.com\/index.php?rest_route=%2Fwp%2Fv2%2Fmedia&parent=45921"}],"wp:term":[{"taxonomy":"category","embeddable":true,"href":"https:\/\/tendenciaspoliticas.com\/index.php?rest_route=%2Fwp%2Fv2%2Fcategories&post=45921"},{"taxonomy":"post_tag","embeddable":true,"href":"https:\/\/tendenciaspoliticas.com\/index.php?rest_route=%2Fwp%2Fv2%2Ftags&post=45921"}],"curies":[{"name":"wp","href":"https:\/\/api.w.org\/{rel}","templated":true}]}}