{"id":45917,"date":"2026-04-28T16:24:00","date_gmt":"2026-04-28T19:24:00","guid":{"rendered":"https:\/\/tendenciaspoliticas.com\/?p=45917"},"modified":"2026-04-28T09:25:35","modified_gmt":"2026-04-28T12:25:35","slug":"un-bolido-ilumino-el-cielo-del-amba-y-genero-impacto-en-redes-por-su-intensidad","status":"publish","type":"post","link":"https:\/\/tendenciaspoliticas.com\/?p=45917","title":{"rendered":"Un b\u00f3lido ilumin\u00f3 el cielo del AMBA y gener\u00f3 impacto en redes por su intensidad"},"content":{"rendered":"\n<p>Un b\u00f3lido ilumin\u00f3 el cielo del AMBA y gener\u00f3 impacto en redes por su intensidadEl fen\u00f3meno, visible durante segundos en Buenos Aires y Montevideo, fue registrado por c\u00e1maras y celulares, y despert\u00f3 curiosidad sobre su origen.<\/p>\n\n\n\n<figure class=\"wp-block-image size-full is-resized\"><img loading=\"lazy\" decoding=\"async\" width=\"698\" height=\"376\" src=\"https:\/\/tendenciaspoliticas.com\/wp-content\/uploads\/2026\/04\/image-356.png\" alt=\"\" class=\"wp-image-45919\" style=\"width:790px;height:auto\" srcset=\"https:\/\/tendenciaspoliticas.com\/wp-content\/uploads\/2026\/04\/image-356.png 698w, https:\/\/tendenciaspoliticas.com\/wp-content\/uploads\/2026\/04\/image-356-300x162.png 300w\" sizes=\"auto, (max-width: 698px) 100vw, 698px\" \/><\/figure>\n\n\n\n<p>Un destello brillante y de tonalidad verdosa atraves\u00f3 el cielo nocturno del \u00c1rea Metropolitana de Buenos Aires y sorprendi\u00f3 a cientos de personas que lograron captarlo en video. El fen\u00f3meno ocurri\u00f3 cerca de las 22.50 y r\u00e1pidamente se viraliz\u00f3 en redes sociales, donde las im\u00e1genes mostraban una especie de \u201cbola de fuego\u201d desplaz\u00e1ndose a gran velocidad de un extremo a otro del firmamento.<\/p>\n\n\n\n<p>El evento no solo fue visible en distintos puntos del AMBA, sino tambi\u00e9n en zonas cercanas al R\u00edo de la Plata, incluyendo Montevideo. A pesar de su breve duraci\u00f3n \u2014apenas unos segundos\u2014, la intensidad de la luz permiti\u00f3 que se destacara incluso en \u00e1reas urbanas afectadas por la contaminaci\u00f3n lum\u00ednica.<\/p>\n\n\n\n<p>De acuerdo con las primeras interpretaciones, se trat\u00f3 de un b\u00f3lido, un tipo de meteoro particularmente brillante que se produce cuando un fragmento de roca espacial ingresa a gran velocidad en la atm\u00f3sfera terrestre. La fricci\u00f3n con el aire genera una combusti\u00f3n que provoca ese resplandor caracter\u00edstico y, en algunos casos, una explosi\u00f3n antes de desintegrarse.<\/p>\n\n\n\n<p>Especialistas explican que estos fen\u00f3menos pueden ir acompa\u00f1ados de ondas sonoras o dejar restos que alcanzan la superficie en forma de meteoritos, aunque hasta el momento no se reportaron estruendos ni hallazgos de fragmentos en las zonas donde fue observado. La aparici\u00f3n de este tipo de eventos, si bien no es inusual, suele generar impacto por su espectacularidad y por la rapidez con la que se desarrolla.<\/p>\n","protected":false},"excerpt":{"rendered":"<p>Un b\u00f3lido ilumin\u00f3 el cielo del AMBA y gener\u00f3 impacto en redes por su intensidadEl&#8230;<\/p>\n","protected":false},"author":2,"featured_media":0,"comment_status":"open","ping_status":"open","sticky":false,"template":"","format":"standard","meta":{"footnotes":""},"categories":[40],"tags":[39],"class_list":["post-45917","post","type-post","status-publish","format-standard","hentry","category-sociedad","tag-sociedad"],"_links":{"self":[{"href":"https:\/\/tendenciaspoliticas.com\/index.php?rest_route=\/wp\/v2\/posts\/45917","targetHints":{"allow":["GET"]}}],"collection":[{"href":"https:\/\/tendenciaspoliticas.com\/index.php?rest_route=\/wp\/v2\/posts"}],"about":[{"href":"https:\/\/tendenciaspoliticas.com\/index.php?rest_route=\/wp\/v2\/types\/post"}],"author":[{"embeddable":true,"href":"https:\/\/tendenciaspoliticas.com\/index.php?rest_route=\/wp\/v2\/users\/2"}],"replies":[{"embeddable":true,"href":"https:\/\/tendenciaspoliticas.com\/index.php?rest_route=%2Fwp%2Fv2%2Fcomments&post=45917"}],"version-history":[{"count":1,"href":"https:\/\/tendenciaspoliticas.com\/index.php?rest_route=\/wp\/v2\/posts\/45917\/revisions"}],"predecessor-version":[{"id":45920,"href":"https:\/\/tendenciaspoliticas.com\/index.php?rest_route=\/wp\/v2\/posts\/45917\/revisions\/45920"}],"wp:attachment":[{"href":"https:\/\/tendenciaspoliticas.com\/index.php?rest_route=%2Fwp%2Fv2%2Fmedia&parent=45917"}],"wp:term":[{"taxonomy":"category","embeddable":true,"href":"https:\/\/tendenciaspoliticas.com\/index.php?rest_route=%2Fwp%2Fv2%2Fcategories&post=45917"},{"taxonomy":"post_tag","embeddable":true,"href":"https:\/\/tendenciaspoliticas.com\/index.php?rest_route=%2Fwp%2Fv2%2Ftags&post=45917"}],"curies":[{"name":"wp","href":"https:\/\/api.w.org\/{rel}","templated":true}]}}