{"id":45914,"date":"2026-04-28T16:23:00","date_gmt":"2026-04-28T19:23:00","guid":{"rendered":"https:\/\/tendenciaspoliticas.com\/?p=45914"},"modified":"2026-04-28T09:24:13","modified_gmt":"2026-04-28T12:24:13","slug":"el-uss-nimitz-ya-opera-en-aguas-argentinas-y-milei-evalua-una-visita-en-medio-de-su-agenda-politica","status":"publish","type":"post","link":"https:\/\/tendenciaspoliticas.com\/?p=45914","title":{"rendered":"El USS Nimitz ya opera en aguas argentinas y Milei eval\u00faa una visita en medio de su agenda pol\u00edtica"},"content":{"rendered":"\n<p>El Presidente fue invitado a embarcar en Mar del Plata, pero a\u00fan no confirm\u00f3 su \u062d\u0636\u0648\u0631 por compromisos en el Congreso y cuestiones de seguridad.<\/p>\n\n\n\n<figure class=\"wp-block-image size-large\"><img loading=\"lazy\" decoding=\"async\" width=\"1024\" height=\"505\" src=\"https:\/\/tendenciaspoliticas.com\/wp-content\/uploads\/2026\/04\/image-354-1024x505.png\" alt=\"\" class=\"wp-image-45915\" srcset=\"https:\/\/tendenciaspoliticas.com\/wp-content\/uploads\/2026\/04\/image-354-1024x505.png 1024w, https:\/\/tendenciaspoliticas.com\/wp-content\/uploads\/2026\/04\/image-354-300x148.png 300w, https:\/\/tendenciaspoliticas.com\/wp-content\/uploads\/2026\/04\/image-354-768x379.png 768w, https:\/\/tendenciaspoliticas.com\/wp-content\/uploads\/2026\/04\/image-354.png 1256w\" sizes=\"auto, (max-width: 1024px) 100vw, 1024px\" \/><\/figure>\n\n\n\n<p>El portaaviones estadounidense USS Nimitz, una de las mayores embarcaciones militares a propulsi\u00f3n nuclear del mundo, ya navega en la Zona Econ\u00f3mica Exclusiva argentina tras cruzar desde el Pac\u00edfico al Atl\u00e1ntico por el Estrecho de Magallanes. La nave ingres\u00f3 el domingo y comenz\u00f3 su desplazamiento frente a la costa patag\u00f3nica, donde se prev\u00e9 una serie de ejercicios conjuntos entre las armadas de Estados Unidos y Argentina a lo largo de la semana.<\/p>\n\n\n\n<p>Las maniobras incluir\u00e1n pr\u00e1cticas de b\u00fasqueda y rescate, as\u00ed como simulaciones de ataque y defensa frente a distintos puntos del litoral, entre ellos Trelew, Necochea y Mar del Plata. Este tipo de despliegue forma parte de la estrategia de cooperaci\u00f3n militar entre ambos pa\u00edses, pero tambi\u00e9n es interpretado por Washington como una se\u00f1al de disuasi\u00f3n en el escenario geopol\u00edtico regional, particularmente frente a la creciente influencia de China.<\/p>\n\n\n\n<p>En ese marco, el presidente Javier Milei fue invitado por el embajador estadounidense Peter Lamelas a embarcar en el portaaviones durante su paso por Mar del Plata. Sin embargo, hasta el momento no hay confirmaci\u00f3n oficial de su \u062d\u0636\u0648\u0631, en parte por la superposici\u00f3n con su agenda interna. El mandatario tiene previsto acompa\u00f1ar al jefe de Gabinete, Manuel Adorni, en su exposici\u00f3n ante el Congreso, en una sesi\u00f3n que concentrar\u00e1 atenci\u00f3n pol\u00edtica.<\/p>\n\n\n\n<p>A esto se suman consideraciones de seguridad que tambi\u00e9n inciden en la definici\u00f3n. Mientras tanto, s\u00ed est\u00e1 confirmada la presencia del ministro de Defensa y de las principales autoridades militares argentinas en la nave. La actividad se enmarca en ejercicios combinados como el Passex 2026,<\/p>\n","protected":false},"excerpt":{"rendered":"<p>El Presidente fue invitado a embarcar en Mar del Plata, pero a\u00fan no confirm\u00f3 su&#8230;<\/p>\n","protected":false},"author":2,"featured_media":0,"comment_status":"open","ping_status":"open","sticky":false,"template":"","format":"standard","meta":{"footnotes":""},"categories":[11,13],"tags":[16],"class_list":["post-45914","post","type-post","status-publish","format-standard","hentry","category-internacionales","category-ultima-noticia","tag-internacionales"],"_links":{"self":[{"href":"https:\/\/tendenciaspoliticas.com\/index.php?rest_route=\/wp\/v2\/posts\/45914","targetHints":{"allow":["GET"]}}],"collection":[{"href":"https:\/\/tendenciaspoliticas.com\/index.php?rest_route=\/wp\/v2\/posts"}],"about":[{"href":"https:\/\/tendenciaspoliticas.com\/index.php?rest_route=\/wp\/v2\/types\/post"}],"author":[{"embeddable":true,"href":"https:\/\/tendenciaspoliticas.com\/index.php?rest_route=\/wp\/v2\/users\/2"}],"replies":[{"embeddable":true,"href":"https:\/\/tendenciaspoliticas.com\/index.php?rest_route=%2Fwp%2Fv2%2Fcomments&post=45914"}],"version-history":[{"count":1,"href":"https:\/\/tendenciaspoliticas.com\/index.php?rest_route=\/wp\/v2\/posts\/45914\/revisions"}],"predecessor-version":[{"id":45916,"href":"https:\/\/tendenciaspoliticas.com\/index.php?rest_route=\/wp\/v2\/posts\/45914\/revisions\/45916"}],"wp:attachment":[{"href":"https:\/\/tendenciaspoliticas.com\/index.php?rest_route=%2Fwp%2Fv2%2Fmedia&parent=45914"}],"wp:term":[{"taxonomy":"category","embeddable":true,"href":"https:\/\/tendenciaspoliticas.com\/index.php?rest_route=%2Fwp%2Fv2%2Fcategories&post=45914"},{"taxonomy":"post_tag","embeddable":true,"href":"https:\/\/tendenciaspoliticas.com\/index.php?rest_route=%2Fwp%2Fv2%2Ftags&post=45914"}],"curies":[{"name":"wp","href":"https:\/\/api.w.org\/{rel}","templated":true}]}}