{"id":45911,"date":"2026-04-28T16:22:00","date_gmt":"2026-04-28T19:22:00","guid":{"rendered":"https:\/\/tendenciaspoliticas.com\/?p=45911"},"modified":"2026-04-28T09:23:35","modified_gmt":"2026-04-28T12:23:35","slug":"andis-bajo-sospecha-amplian-la-causa-contra-spagnuolo-por-un-presunto-fraude-millonario-con-insumos-medicos","status":"publish","type":"post","link":"https:\/\/tendenciaspoliticas.com\/?p=45911","title":{"rendered":"ANDIS bajo sospecha: ampl\u00edan la causa contra Spagnuolo por un presunto fraude millonario con insumos m\u00e9dicos"},"content":{"rendered":"\n<p>El ex titular del organismo vuelve a declarar en Comodoro Py en el marco de una investigaci\u00f3n que detect\u00f3 nuevas maniobras irregulares por m\u00e1s de $75.000 millones, con participaci\u00f3n de funcionarios y empresarios.<br><\/p>\n\n\n\n<figure class=\"wp-block-image size-large\"><img loading=\"lazy\" decoding=\"async\" width=\"1024\" height=\"505\" src=\"https:\/\/tendenciaspoliticas.com\/wp-content\/uploads\/2026\/04\/image-353-1024x505.png\" alt=\"\" class=\"wp-image-45912\" srcset=\"https:\/\/tendenciaspoliticas.com\/wp-content\/uploads\/2026\/04\/image-353-1024x505.png 1024w, https:\/\/tendenciaspoliticas.com\/wp-content\/uploads\/2026\/04\/image-353-300x148.png 300w, https:\/\/tendenciaspoliticas.com\/wp-content\/uploads\/2026\/04\/image-353-768x379.png 768w, https:\/\/tendenciaspoliticas.com\/wp-content\/uploads\/2026\/04\/image-353.png 1256w\" sizes=\"auto, (max-width: 1024px) 100vw, 1024px\" \/><\/figure>\n\n\n\n<p>El ex director de la Agencia Nacional de Discapacidad (ANDIS), Diego Spagnuolo, se presenta nuevamente en los tribunales de Comodoro Py para ser indagado en una causa que suma nuevas acusaciones por presuntas maniobras de corrupci\u00f3n en la administraci\u00f3n de fondos p\u00fablicos. La investigaci\u00f3n, impulsada por el fiscal federal Franco Picardi, identific\u00f3 un circuito adicional de irregularidades que habr\u00eda involucrado m\u00e1s de 75.000 millones de pesos destinados a la adquisici\u00f3n de insumos de alto costo.<\/p>\n\n\n\n<p>Seg\u00fan la acusaci\u00f3n, las operaciones se habr\u00edan realizado mediante un esquema coordinado entre funcionarios del organismo y un grupo acotado de empresas proveedoras. Estas firmas, vinculadas entre s\u00ed, habr\u00edan participado en procesos de contrataci\u00f3n aparentemente competitivos, aunque en la pr\u00e1ctica actuaban de manera concertada para asegurarse la adjudicaci\u00f3n de contratos previamente definidos.<\/p>\n\n\n\n<p>El expediente sostiene que este mecanismo inclu\u00eda el manejo de informaci\u00f3n privilegiada sobre licitaciones, cotizaciones y \u00f3rdenes de compra, adem\u00e1s de la exclusi\u00f3n deliberada de otros oferentes. De este modo, se habr\u00eda consolidado un sistema que vulneraba los principios de transparencia y libre competencia, al tiempo que generaba beneficios econ\u00f3micos indebidos tanto para los empresarios involucrados como para funcionarios p\u00fablicos.<\/p>\n\n\n\n<p>El juez federal Ariel Lijo aval\u00f3 la ampliaci\u00f3n de la investigaci\u00f3n y dispuso una nueva ronda de indagatorias que alcanza a 35 personas, entre ex funcionarios y empresarios. En esta etapa, el foco est\u00e1 puesto en la contrataci\u00f3n de insumos m\u00e9dicos de alto costo y baja incidencia, una operatoria que presenta similitudes con la causa previa por desv\u00edo en la compra de medicamentos, por la cual Spagnuolo ya fue procesado.<\/p>\n\n\n\n<p>La causa avanza as\u00ed sobre un entramado m\u00e1s amplio que busca determinar el alcance de las responsabilidades y el destino final de los fondos cuestionados.<\/p>\n","protected":false},"excerpt":{"rendered":"<p>El ex titular del organismo vuelve a declarar en Comodoro Py en el marco de&#8230;<\/p>\n","protected":false},"author":2,"featured_media":0,"comment_status":"open","ping_status":"open","sticky":false,"template":"","format":"standard","meta":{"footnotes":""},"categories":[13],"tags":[29],"class_list":["post-45911","post","type-post","status-publish","format-standard","hentry","category-ultima-noticia","tag-judiciales"],"_links":{"self":[{"href":"https:\/\/tendenciaspoliticas.com\/index.php?rest_route=\/wp\/v2\/posts\/45911","targetHints":{"allow":["GET"]}}],"collection":[{"href":"https:\/\/tendenciaspoliticas.com\/index.php?rest_route=\/wp\/v2\/posts"}],"about":[{"href":"https:\/\/tendenciaspoliticas.com\/index.php?rest_route=\/wp\/v2\/types\/post"}],"author":[{"embeddable":true,"href":"https:\/\/tendenciaspoliticas.com\/index.php?rest_route=\/wp\/v2\/users\/2"}],"replies":[{"embeddable":true,"href":"https:\/\/tendenciaspoliticas.com\/index.php?rest_route=%2Fwp%2Fv2%2Fcomments&post=45911"}],"version-history":[{"count":1,"href":"https:\/\/tendenciaspoliticas.com\/index.php?rest_route=\/wp\/v2\/posts\/45911\/revisions"}],"predecessor-version":[{"id":45913,"href":"https:\/\/tendenciaspoliticas.com\/index.php?rest_route=\/wp\/v2\/posts\/45911\/revisions\/45913"}],"wp:attachment":[{"href":"https:\/\/tendenciaspoliticas.com\/index.php?rest_route=%2Fwp%2Fv2%2Fmedia&parent=45911"}],"wp:term":[{"taxonomy":"category","embeddable":true,"href":"https:\/\/tendenciaspoliticas.com\/index.php?rest_route=%2Fwp%2Fv2%2Fcategories&post=45911"},{"taxonomy":"post_tag","embeddable":true,"href":"https:\/\/tendenciaspoliticas.com\/index.php?rest_route=%2Fwp%2Fv2%2Ftags&post=45911"}],"curies":[{"name":"wp","href":"https:\/\/api.w.org\/{rel}","templated":true}]}}