{"id":45908,"date":"2026-04-28T06:29:00","date_gmt":"2026-04-28T09:29:00","guid":{"rendered":"https:\/\/tendenciaspoliticas.com\/?p=45908"},"modified":"2026-04-27T21:30:03","modified_gmt":"2026-04-28T00:30:03","slug":"ataques-con-explosivos-en-colombia-encienden-alarmas-a-semanas-de-las-elecciones-presidenciales","status":"publish","type":"post","link":"https:\/\/tendenciaspoliticas.com\/?p=45908","title":{"rendered":"Ataques con explosivos en Colombia encienden alarmas a semanas de las elecciones presidenciales"},"content":{"rendered":"\n<figure class=\"wp-block-image size-large\"><img loading=\"lazy\" decoding=\"async\" width=\"1024\" height=\"505\" src=\"https:\/\/tendenciaspoliticas.com\/wp-content\/uploads\/2026\/04\/image-352-1024x505.png\" alt=\"\" class=\"wp-image-45909\" srcset=\"https:\/\/tendenciaspoliticas.com\/wp-content\/uploads\/2026\/04\/image-352-1024x505.png 1024w, https:\/\/tendenciaspoliticas.com\/wp-content\/uploads\/2026\/04\/image-352-300x148.png 300w, https:\/\/tendenciaspoliticas.com\/wp-content\/uploads\/2026\/04\/image-352-768x379.png 768w, https:\/\/tendenciaspoliticas.com\/wp-content\/uploads\/2026\/04\/image-352.png 1256w\" sizes=\"auto, (max-width: 1024px) 100vw, 1024px\" \/><\/figure>\n\n\n\n<p>Una seguidilla de atentados en el suroeste del pa\u00eds dej\u00f3 al menos 21 muertos y expuso la persistencia del conflicto armado en zonas estrat\u00e9gicas.<br>Varios ataques con explosivos registrados durante el fin de semana en Colombia reavivaron la preocupaci\u00f3n por la escalada de violencia en el pa\u00eds, en un contexto marcado por la proximidad de las elecciones presidenciales. Las autoridades de seguridad informaron que se contabilizaron al menos 26 atentados recientes en el suroeste del territorio, una de las regiones hist\u00f3ricamente m\u00e1s afectadas por la presencia de grupos armados ilegales. El hecho m\u00e1s grave ocurri\u00f3 en el departamento del Cauca, donde la detonaci\u00f3n de un artefacto explosivo en una ruta vial dej\u00f3 un saldo de al menos 21 civiles muertos y m\u00e1s de 50 heridos, seg\u00fan datos oficiales del Ministerio de Defensa. El ataque fue atribuido a disidencias de la antigua guerrilla de las FARC, en particular al denominado Estado Mayor Central, que no se sum\u00f3 al acuerdo de paz de 2016. La regi\u00f3n del Cauca es considerada estrat\u00e9gica por su ubicaci\u00f3n y por la presencia de econom\u00edas ilegales vinculadas al narcotr\u00e1fico y la miner\u00eda ilegal, lo que ha generado disputas entre distintos actores armados durante d\u00e9cadas. El gobierno colombiano, encabezado por Gustavo Petro, mantiene operativos militares en la zona en el marco de su pol\u00edtica de \u201cpaz total\u201d, aunque los resultados han sido limitados. Especialistas en seguridad advierten que los grupos armados han intensificado sus acciones en los \u00faltimos a\u00f1os mediante ataques dirigidos principalmente contra fuerzas estatales, aunque con impacto frecuente en la poblaci\u00f3n civil. El reciente atentado contra un autob\u00fas en la v\u00eda Panamericana, donde tambi\u00e9n resultaron heridos menores de edad, gener\u00f3 condena interna y pedidos de mayor intervenci\u00f3n estatal. Las autoridades contin\u00faan investigando los hechos mientras refuerzan la presencia militar en la regi\u00f3n.<\/p>\n","protected":false},"excerpt":{"rendered":"<p>Una seguidilla de atentados en el suroeste del pa\u00eds dej\u00f3 al menos 21 muertos y&#8230;<\/p>\n","protected":false},"author":2,"featured_media":0,"comment_status":"open","ping_status":"open","sticky":false,"template":"","format":"standard","meta":{"footnotes":""},"categories":[11,13],"tags":[16],"class_list":["post-45908","post","type-post","status-publish","format-standard","hentry","category-internacionales","category-ultima-noticia","tag-internacionales"],"_links":{"self":[{"href":"https:\/\/tendenciaspoliticas.com\/index.php?rest_route=\/wp\/v2\/posts\/45908","targetHints":{"allow":["GET"]}}],"collection":[{"href":"https:\/\/tendenciaspoliticas.com\/index.php?rest_route=\/wp\/v2\/posts"}],"about":[{"href":"https:\/\/tendenciaspoliticas.com\/index.php?rest_route=\/wp\/v2\/types\/post"}],"author":[{"embeddable":true,"href":"https:\/\/tendenciaspoliticas.com\/index.php?rest_route=\/wp\/v2\/users\/2"}],"replies":[{"embeddable":true,"href":"https:\/\/tendenciaspoliticas.com\/index.php?rest_route=%2Fwp%2Fv2%2Fcomments&post=45908"}],"version-history":[{"count":1,"href":"https:\/\/tendenciaspoliticas.com\/index.php?rest_route=\/wp\/v2\/posts\/45908\/revisions"}],"predecessor-version":[{"id":45910,"href":"https:\/\/tendenciaspoliticas.com\/index.php?rest_route=\/wp\/v2\/posts\/45908\/revisions\/45910"}],"wp:attachment":[{"href":"https:\/\/tendenciaspoliticas.com\/index.php?rest_route=%2Fwp%2Fv2%2Fmedia&parent=45908"}],"wp:term":[{"taxonomy":"category","embeddable":true,"href":"https:\/\/tendenciaspoliticas.com\/index.php?rest_route=%2Fwp%2Fv2%2Fcategories&post=45908"},{"taxonomy":"post_tag","embeddable":true,"href":"https:\/\/tendenciaspoliticas.com\/index.php?rest_route=%2Fwp%2Fv2%2Ftags&post=45908"}],"curies":[{"name":"wp","href":"https:\/\/api.w.org\/{rel}","templated":true}]}}