{"id":45905,"date":"2026-04-28T06:27:00","date_gmt":"2026-04-28T09:27:00","guid":{"rendered":"https:\/\/tendenciaspoliticas.com\/?p=45905"},"modified":"2026-04-27T21:29:34","modified_gmt":"2026-04-28T00:29:34","slug":"bullrich-critico-a-una-plataforma-cripto-por-fallas-de-accesibilidad-vinculadas-a-su-enfermedad","status":"publish","type":"post","link":"https:\/\/tendenciaspoliticas.com\/?p=45905","title":{"rendered":"Bullrich critic\u00f3 a una plataforma cripto por fallas de accesibilidad vinculadas a su enfermedad"},"content":{"rendered":"\n<p>El exsenador cuestion\u00f3 a Binance por impedirle el acceso a su cuenta debido a cambios f\u00edsicos provocados por la ELA que afectan el sistema de reconocimiento facial.<\/p>\n\n\n\n<figure class=\"wp-block-image size-large\"><img loading=\"lazy\" decoding=\"async\" width=\"1024\" height=\"505\" src=\"https:\/\/tendenciaspoliticas.com\/wp-content\/uploads\/2026\/04\/image-351-1024x505.png\" alt=\"\" class=\"wp-image-45906\" srcset=\"https:\/\/tendenciaspoliticas.com\/wp-content\/uploads\/2026\/04\/image-351-1024x505.png 1024w, https:\/\/tendenciaspoliticas.com\/wp-content\/uploads\/2026\/04\/image-351-300x148.png 300w, https:\/\/tendenciaspoliticas.com\/wp-content\/uploads\/2026\/04\/image-351-768x379.png 768w, https:\/\/tendenciaspoliticas.com\/wp-content\/uploads\/2026\/04\/image-351.png 1256w\" sizes=\"auto, (max-width: 1024px) 100vw, 1024px\" \/><\/figure>\n\n\n\n<p><br>El exministro y exsenador Esteban Bullrich expres\u00f3 un reclamo p\u00fablico contra la plataforma de intercambio de criptomonedas Binance por problemas de accesibilidad que le impiden ingresar a su cuenta. El dirigente del PRO, diagnosticado con esclerosis lateral amiotr\u00f3fica (ELA) en 2021, se\u00f1al\u00f3 que el sistema de verificaci\u00f3n facial de la aplicaci\u00f3n dej\u00f3 de reconocerlo debido a los cambios f\u00edsicos derivados de su enfermedad. A trav\u00e9s de un mensaje difundido en redes sociales, Bullrich plante\u00f3 que la situaci\u00f3n lo dej\u00f3 sin acceso a sus fondos y cuestion\u00f3 la falta de alternativas para usuarios con discapacidad. \u201cLa ELA se est\u00e1 llevando mi cuerpo. No deber\u00eda llevarse tambi\u00e9n mi dinero\u201d, expres\u00f3 en su publicaci\u00f3n, en la que adem\u00e1s pidi\u00f3 respuestas a la empresa. El mecanismo en cuesti\u00f3n utiliza tecnolog\u00eda de reconocimiento facial para validar la identidad del usuario, comparando rasgos biom\u00e9tricos como la estructura del rostro y la distancia entre los ojos. Seg\u00fan el exsenador, desde hace meses el sistema no logra identificarlo, lo que bloquea su ingreso a la plataforma. La situaci\u00f3n gener\u00f3 repercusi\u00f3n p\u00fablica y deriv\u00f3 en una respuesta de Binance, que reconoci\u00f3 el problema y asegur\u00f3 estar trabajando para solucionarlo a trav\u00e9s de su equipo de atenci\u00f3n. El caso abri\u00f3 un debate sobre los l\u00edmites de los sistemas de seguridad biom\u00e9trica y la necesidad de incorporar mecanismos de accesibilidad para personas con discapacidades o condiciones m\u00e9dicas que alteren su apariencia f\u00edsica.<\/p>\n","protected":false},"excerpt":{"rendered":"<p>El exsenador cuestion\u00f3 a Binance por impedirle el acceso a su cuenta debido a cambios&#8230;<\/p>\n","protected":false},"author":2,"featured_media":0,"comment_status":"open","ping_status":"open","sticky":false,"template":"","format":"standard","meta":{"footnotes":""},"categories":[40,13],"tags":[39],"class_list":["post-45905","post","type-post","status-publish","format-standard","hentry","category-sociedad","category-ultima-noticia","tag-sociedad"],"_links":{"self":[{"href":"https:\/\/tendenciaspoliticas.com\/index.php?rest_route=\/wp\/v2\/posts\/45905","targetHints":{"allow":["GET"]}}],"collection":[{"href":"https:\/\/tendenciaspoliticas.com\/index.php?rest_route=\/wp\/v2\/posts"}],"about":[{"href":"https:\/\/tendenciaspoliticas.com\/index.php?rest_route=\/wp\/v2\/types\/post"}],"author":[{"embeddable":true,"href":"https:\/\/tendenciaspoliticas.com\/index.php?rest_route=\/wp\/v2\/users\/2"}],"replies":[{"embeddable":true,"href":"https:\/\/tendenciaspoliticas.com\/index.php?rest_route=%2Fwp%2Fv2%2Fcomments&post=45905"}],"version-history":[{"count":1,"href":"https:\/\/tendenciaspoliticas.com\/index.php?rest_route=\/wp\/v2\/posts\/45905\/revisions"}],"predecessor-version":[{"id":45907,"href":"https:\/\/tendenciaspoliticas.com\/index.php?rest_route=\/wp\/v2\/posts\/45905\/revisions\/45907"}],"wp:attachment":[{"href":"https:\/\/tendenciaspoliticas.com\/index.php?rest_route=%2Fwp%2Fv2%2Fmedia&parent=45905"}],"wp:term":[{"taxonomy":"category","embeddable":true,"href":"https:\/\/tendenciaspoliticas.com\/index.php?rest_route=%2Fwp%2Fv2%2Fcategories&post=45905"},{"taxonomy":"post_tag","embeddable":true,"href":"https:\/\/tendenciaspoliticas.com\/index.php?rest_route=%2Fwp%2Fv2%2Ftags&post=45905"}],"curies":[{"name":"wp","href":"https:\/\/api.w.org\/{rel}","templated":true}]}}