{"id":45896,"date":"2026-04-28T06:25:00","date_gmt":"2026-04-28T09:25:00","guid":{"rendered":"https:\/\/tendenciaspoliticas.com\/?p=45896"},"modified":"2026-04-27T21:26:24","modified_gmt":"2026-04-28T00:26:24","slug":"mahiques-renuncio-como-procurador-porteno-en-medio-de-su-postulacion-a-la-justicia-federal","status":"publish","type":"post","link":"https:\/\/tendenciaspoliticas.com\/?p=45896","title":{"rendered":"Mahiques renunci\u00f3 como procurador porte\u00f1o en medio de su postulaci\u00f3n a la Justicia federal"},"content":{"rendered":"\n<figure class=\"wp-block-image size-large\"><img loading=\"lazy\" decoding=\"async\" width=\"1024\" height=\"505\" src=\"https:\/\/tendenciaspoliticas.com\/wp-content\/uploads\/2026\/04\/image-348-1024x505.png\" alt=\"\" class=\"wp-image-45897\" srcset=\"https:\/\/tendenciaspoliticas.com\/wp-content\/uploads\/2026\/04\/image-348-1024x505.png 1024w, https:\/\/tendenciaspoliticas.com\/wp-content\/uploads\/2026\/04\/image-348-300x148.png 300w, https:\/\/tendenciaspoliticas.com\/wp-content\/uploads\/2026\/04\/image-348-768x379.png 768w, https:\/\/tendenciaspoliticas.com\/wp-content\/uploads\/2026\/04\/image-348.png 1256w\" sizes=\"auto, (max-width: 1024px) 100vw, 1024px\" \/><\/figure>\n\n\n\n<p>El ministro de Justicia dej\u00f3 su cargo en la Ciudad mientras compite por un puesto clave en Comodoro Py, donde se definen causas sensibles de corrupci\u00f3n.<br>El ministro de Justicia, Juan Bautista Mahiques, formaliz\u00f3 su renuncia como procurador general de la Ciudad de Buenos Aires en un movimiento que se inscribe en su intento por acceder a un cargo de peso en la Justicia federal. Hasta hace pocos d\u00edas, el funcionario se encontraba de licencia en ese puesto, pero finalmente decidi\u00f3 dar un paso al costado de manera definitiva mientras contin\u00faa en carrera para ocupar la Fiscal\u00eda General de la C\u00e1mara Federal de Comodoro Py. La decisi\u00f3n se produce en un contexto de reconfiguraci\u00f3n del sistema judicial impulsada por el Gobierno nacional. Mahiques, que asumi\u00f3 como ministro en marzo con respaldo del oficialismo, se inscribi\u00f3 en concursos clave, entre ellos el que definir\u00e1 qui\u00e9n ocupar\u00e1 un rol central en la supervisi\u00f3n de causas por corrupci\u00f3n. Desde su entorno se\u00f1alaron que la renuncia busca facilitar que el jefe de Gobierno porte\u00f1o avance en la designaci\u00f3n de un reemplazante en la Procuraci\u00f3n. El funcionario cuenta con una extensa trayectoria en el \u00e1mbito judicial y v\u00ednculos pol\u00edticos que atraviesan distintos espacios, lo que alimenta especulaciones sobre posibles acuerdos detr\u00e1s de su postulaci\u00f3n. La Fiscal\u00eda General de la C\u00e1mara Federal es un cargo estrat\u00e9gico, ya que interviene en expedientes sensibles y puede influir en el rumbo de investigaciones relevantes. En paralelo, Mahiques tambi\u00e9n participa en otro concurso para fiscal\u00edas de primera instancia, lo que ampl\u00eda sus opciones dentro del sistema judicial. Su salida de la Procuraci\u00f3n porte\u00f1a marca un nuevo cap\u00edtulo en su carrera y refuerza su posicionamiento en la disputa por espacios clave dentro de la Justicia federal.<\/p>\n","protected":false},"excerpt":{"rendered":"<p>El ministro de Justicia dej\u00f3 su cargo en la Ciudad mientras compite por un puesto&#8230;<\/p>\n","protected":false},"author":2,"featured_media":0,"comment_status":"open","ping_status":"open","sticky":false,"template":"","format":"image","meta":{"footnotes":""},"categories":[1],"tags":[14],"class_list":["post-45896","post","type-post","status-publish","format-image","hentry","category-politica","tag-politica","post_format-post-format-image"],"_links":{"self":[{"href":"https:\/\/tendenciaspoliticas.com\/index.php?rest_route=\/wp\/v2\/posts\/45896","targetHints":{"allow":["GET"]}}],"collection":[{"href":"https:\/\/tendenciaspoliticas.com\/index.php?rest_route=\/wp\/v2\/posts"}],"about":[{"href":"https:\/\/tendenciaspoliticas.com\/index.php?rest_route=\/wp\/v2\/types\/post"}],"author":[{"embeddable":true,"href":"https:\/\/tendenciaspoliticas.com\/index.php?rest_route=\/wp\/v2\/users\/2"}],"replies":[{"embeddable":true,"href":"https:\/\/tendenciaspoliticas.com\/index.php?rest_route=%2Fwp%2Fv2%2Fcomments&post=45896"}],"version-history":[{"count":1,"href":"https:\/\/tendenciaspoliticas.com\/index.php?rest_route=\/wp\/v2\/posts\/45896\/revisions"}],"predecessor-version":[{"id":45898,"href":"https:\/\/tendenciaspoliticas.com\/index.php?rest_route=\/wp\/v2\/posts\/45896\/revisions\/45898"}],"wp:attachment":[{"href":"https:\/\/tendenciaspoliticas.com\/index.php?rest_route=%2Fwp%2Fv2%2Fmedia&parent=45896"}],"wp:term":[{"taxonomy":"category","embeddable":true,"href":"https:\/\/tendenciaspoliticas.com\/index.php?rest_route=%2Fwp%2Fv2%2Fcategories&post=45896"},{"taxonomy":"post_tag","embeddable":true,"href":"https:\/\/tendenciaspoliticas.com\/index.php?rest_route=%2Fwp%2Fv2%2Ftags&post=45896"}],"curies":[{"name":"wp","href":"https:\/\/api.w.org\/{rel}","templated":true}]}}