{"id":45893,"date":"2026-04-28T06:21:00","date_gmt":"2026-04-28T09:21:00","guid":{"rendered":"https:\/\/tendenciaspoliticas.com\/?p=45893"},"modified":"2026-04-27T21:25:19","modified_gmt":"2026-04-28T00:25:19","slug":"la-clinica-de-villa-ballester-donde-hallaron-fetos-continua-abierta-tras-una-inspeccion-oficial","status":"publish","type":"post","link":"https:\/\/tendenciaspoliticas.com\/?p=45893","title":{"rendered":"La cl\u00ednica de Villa Ballester donde hallaron fetos contin\u00faa abierta tras una inspecci\u00f3n oficial"},"content":{"rendered":"\n<figure class=\"wp-block-image size-large\"><img loading=\"lazy\" decoding=\"async\" width=\"1024\" height=\"517\" src=\"https:\/\/tendenciaspoliticas.com\/wp-content\/uploads\/2026\/04\/image-347-1024x517.png\" alt=\"\" class=\"wp-image-45894\" srcset=\"https:\/\/tendenciaspoliticas.com\/wp-content\/uploads\/2026\/04\/image-347-1024x517.png 1024w, https:\/\/tendenciaspoliticas.com\/wp-content\/uploads\/2026\/04\/image-347-300x151.png 300w, https:\/\/tendenciaspoliticas.com\/wp-content\/uploads\/2026\/04\/image-347-768x388.png 768w, https:\/\/tendenciaspoliticas.com\/wp-content\/uploads\/2026\/04\/image-347.png 1228w\" sizes=\"auto, (max-width: 1024px) 100vw, 1024px\" \/><\/figure>\n\n\n\n<p>El Ministerio de Salud bonaerense realiz\u00f3 un operativo y detect\u00f3 \u201cinfracciones menores\u201d, pese al hallazgo judicial de restos humanos en el establecimiento.<br>La Cl\u00ednica Santa Mar\u00eda de Villa Ballester sigue funcionando con normalidad luego de que el Ministerio de Salud de la provincia de Buenos Aires realizara una inspecci\u00f3n y no dispusiera su clausura, a pesar del reciente hallazgo de ocho fetos desmembrados en bolsas de residuos durante un allanamiento judicial. El operativo sanitario fue ordenado en el marco de una investigaci\u00f3n que se origin\u00f3 a partir de la desaparici\u00f3n de una ni\u00f1a de 12 a\u00f1os embarazada de 32 semanas, quien finalmente fue localizada en el conurbano bonaerense. La menor, v\u00edctima de abuso sexual, hab\u00eda dejado de asistir a controles m\u00e9dicos en Santiago del Estero, lo que activ\u00f3 una b\u00fasqueda que deriv\u00f3 en una investigaci\u00f3n interprovincial. Seg\u00fan fuentes judiciales, la ni\u00f1a habr\u00eda sido sometida a un parto inducido en la cl\u00ednica, y uno de los fetos encontrados podr\u00eda corresponder a ese procedimiento. El hallazgo de los restos humanos en condiciones irregulares motiv\u00f3 el allanamiento del establecimiento, donde se detectaron graves anomal\u00edas que ahora son materia de an\u00e1lisis en la causa. Sin embargo, la inspecci\u00f3n posterior realizada por autoridades sanitarias provinciales concluy\u00f3 con la detecci\u00f3n de irregularidades consideradas menores, lo que permiti\u00f3 que la instituci\u00f3n contin\u00fae operando. La causa judicial sigue en curso y busca determinar responsabilidades tanto en el manejo de los restos como en las pr\u00e1cticas m\u00e9dicas realizadas. En paralelo, se investiga la red de v\u00ednculos que permiti\u00f3 el traslado de la menor y su atenci\u00f3n en el centro de salud, en un caso que gener\u00f3 fuerte impacto por la gravedad de los hechos.<\/p>\n","protected":false},"excerpt":{"rendered":"<p>El Ministerio de Salud bonaerense realiz\u00f3 un operativo y detect\u00f3 \u201cinfracciones menores\u201d, pese al hallazgo&#8230;<\/p>\n","protected":false},"author":2,"featured_media":0,"comment_status":"open","ping_status":"open","sticky":false,"template":"","format":"standard","meta":{"footnotes":""},"categories":[40,13],"tags":[29],"class_list":["post-45893","post","type-post","status-publish","format-standard","hentry","category-sociedad","category-ultima-noticia","tag-judiciales"],"_links":{"self":[{"href":"https:\/\/tendenciaspoliticas.com\/index.php?rest_route=\/wp\/v2\/posts\/45893","targetHints":{"allow":["GET"]}}],"collection":[{"href":"https:\/\/tendenciaspoliticas.com\/index.php?rest_route=\/wp\/v2\/posts"}],"about":[{"href":"https:\/\/tendenciaspoliticas.com\/index.php?rest_route=\/wp\/v2\/types\/post"}],"author":[{"embeddable":true,"href":"https:\/\/tendenciaspoliticas.com\/index.php?rest_route=\/wp\/v2\/users\/2"}],"replies":[{"embeddable":true,"href":"https:\/\/tendenciaspoliticas.com\/index.php?rest_route=%2Fwp%2Fv2%2Fcomments&post=45893"}],"version-history":[{"count":1,"href":"https:\/\/tendenciaspoliticas.com\/index.php?rest_route=\/wp\/v2\/posts\/45893\/revisions"}],"predecessor-version":[{"id":45895,"href":"https:\/\/tendenciaspoliticas.com\/index.php?rest_route=\/wp\/v2\/posts\/45893\/revisions\/45895"}],"wp:attachment":[{"href":"https:\/\/tendenciaspoliticas.com\/index.php?rest_route=%2Fwp%2Fv2%2Fmedia&parent=45893"}],"wp:term":[{"taxonomy":"category","embeddable":true,"href":"https:\/\/tendenciaspoliticas.com\/index.php?rest_route=%2Fwp%2Fv2%2Fcategories&post=45893"},{"taxonomy":"post_tag","embeddable":true,"href":"https:\/\/tendenciaspoliticas.com\/index.php?rest_route=%2Fwp%2Fv2%2Ftags&post=45893"}],"curies":[{"name":"wp","href":"https:\/\/api.w.org\/{rel}","templated":true}]}}