{"id":45890,"date":"2026-04-28T06:18:00","date_gmt":"2026-04-28T09:18:00","guid":{"rendered":"https:\/\/tendenciaspoliticas.com\/?p=45890"},"modified":"2026-04-27T21:21:28","modified_gmt":"2026-04-28T00:21:28","slug":"fallo-historico-condenan-a-20-anos-a-un-hombre-por-abuso-sexual-infantil-sin-contacto-fisico","status":"publish","type":"post","link":"https:\/\/tendenciaspoliticas.com\/?p=45890","title":{"rendered":"Fallo hist\u00f3rico: condenan a 20 a\u00f1os a un hombre por abuso sexual infantil sin contacto f\u00edsico"},"content":{"rendered":"\n<figure class=\"wp-block-image size-large\"><img loading=\"lazy\" decoding=\"async\" width=\"1024\" height=\"351\" src=\"https:\/\/tendenciaspoliticas.com\/wp-content\/uploads\/2026\/04\/image-346-1024x351.png\" alt=\"\" class=\"wp-image-45891\" srcset=\"https:\/\/tendenciaspoliticas.com\/wp-content\/uploads\/2026\/04\/image-346-1024x351.png 1024w, https:\/\/tendenciaspoliticas.com\/wp-content\/uploads\/2026\/04\/image-346-300x103.png 300w, https:\/\/tendenciaspoliticas.com\/wp-content\/uploads\/2026\/04\/image-346-768x264.png 768w, https:\/\/tendenciaspoliticas.com\/wp-content\/uploads\/2026\/04\/image-346.png 1256w\" sizes=\"auto, (max-width: 1024px) 100vw, 1024px\" \/><\/figure>\n\n\n\n<p>El Tribunal N\u00b0 4 de Mor\u00f3n conden\u00f3 a<strong>&nbsp;20 a\u00f1os de prisi\u00f3n a un hombre por abuso sexual contra una ni\u00f1a de 12 a\u00f1os<\/strong>, pese a&nbsp;<strong>no haber tenido contacto con ella<\/strong>. La hab\u00eda captado y sometido a trav\u00e9s de redes sociales. El condenado la obligaba a realizar distintas acciones, como proveerle el n\u00famero de tarjeta de cr\u00e9dito de los padres,<strong>&nbsp;bajo amenaza de revelar fotograf\u00edas de distintas acciones de \u00edndole sexual qu\u00e9 \u00e9l la hab\u00eda obligado a realizar.<\/strong>&nbsp;La ni\u00f1a permaneci\u00f3 captada por el sujeto durante tres a\u00f1os.<\/p>\n\n\n\n<p>El fiscal del caso,&nbsp;<strong>Carlos Oviedo<\/strong>, revel\u00f3 en di\u00e1logo con&nbsp;<em>Todo Noticias<\/em>&nbsp;que el hecho sali\u00f3 a la luz gracias a la atenta actitud de una docente de la v\u00edctima. \u201cEs importante que<strong>&nbsp;todo esto comenz\u00f3 gracias a la decisi\u00f3n y valent\u00eda de una docente que escuch\u00f3 a la ni\u00f1a<\/strong>, no la juzg\u00f3, la orient\u00f3, y junto a la familia pudieron hacer la denuncia\u201d, coment\u00f3.<\/p>\n\n\n\n<p>Seg\u00fan repuso el sitio&nbsp;<em>Primer Plano,<\/em>&nbsp;la madre de la ni\u00f1a, oriunda de la localidad bonaerense de Ituzaing\u00f3, realiz\u00f3 la denuncia en febrero de 2023 tras&nbsp;<strong>conocer gracias a la docente los padecimientos de su hija,&nbsp;<\/strong>que por entonces ya ten\u00eda 15 a\u00f1os y que&nbsp;<strong>hab\u00eda estado sometida por el delincuente desde los 12.&nbsp;<\/strong>La profesora de danzas de la ni\u00f1a le dijo a la madre que<strong>&nbsp;la adolescente le hab\u00eda pedido dinero porque un hombre la estaba amenazando con difundir videos<\/strong>&nbsp;<strong>y fotos \u00edntimas&nbsp;<\/strong>de ella.<\/p>\n","protected":false},"excerpt":{"rendered":"<p>El Tribunal N\u00b0 4 de Mor\u00f3n conden\u00f3 a&nbsp;20 a\u00f1os de prisi\u00f3n a un hombre por&#8230;<\/p>\n","protected":false},"author":2,"featured_media":0,"comment_status":"open","ping_status":"open","sticky":false,"template":"","format":"standard","meta":{"footnotes":""},"categories":[40,13],"tags":[28],"class_list":["post-45890","post","type-post","status-publish","format-standard","hentry","category-sociedad","category-ultima-noticia","tag-justicia"],"_links":{"self":[{"href":"https:\/\/tendenciaspoliticas.com\/index.php?rest_route=\/wp\/v2\/posts\/45890","targetHints":{"allow":["GET"]}}],"collection":[{"href":"https:\/\/tendenciaspoliticas.com\/index.php?rest_route=\/wp\/v2\/posts"}],"about":[{"href":"https:\/\/tendenciaspoliticas.com\/index.php?rest_route=\/wp\/v2\/types\/post"}],"author":[{"embeddable":true,"href":"https:\/\/tendenciaspoliticas.com\/index.php?rest_route=\/wp\/v2\/users\/2"}],"replies":[{"embeddable":true,"href":"https:\/\/tendenciaspoliticas.com\/index.php?rest_route=%2Fwp%2Fv2%2Fcomments&post=45890"}],"version-history":[{"count":1,"href":"https:\/\/tendenciaspoliticas.com\/index.php?rest_route=\/wp\/v2\/posts\/45890\/revisions"}],"predecessor-version":[{"id":45892,"href":"https:\/\/tendenciaspoliticas.com\/index.php?rest_route=\/wp\/v2\/posts\/45890\/revisions\/45892"}],"wp:attachment":[{"href":"https:\/\/tendenciaspoliticas.com\/index.php?rest_route=%2Fwp%2Fv2%2Fmedia&parent=45890"}],"wp:term":[{"taxonomy":"category","embeddable":true,"href":"https:\/\/tendenciaspoliticas.com\/index.php?rest_route=%2Fwp%2Fv2%2Fcategories&post=45890"},{"taxonomy":"post_tag","embeddable":true,"href":"https:\/\/tendenciaspoliticas.com\/index.php?rest_route=%2Fwp%2Fv2%2Ftags&post=45890"}],"curies":[{"name":"wp","href":"https:\/\/api.w.org\/{rel}","templated":true}]}}