{"id":45887,"date":"2026-04-28T06:18:00","date_gmt":"2026-04-28T09:18:00","guid":{"rendered":"https:\/\/tendenciaspoliticas.com\/?p=45887"},"modified":"2026-04-27T21:18:49","modified_gmt":"2026-04-28T00:18:49","slug":"un-policia-murio-tras-ser-aplastado-por-un-cartel-que-cayo-de-la-autopista-en-flores","status":"publish","type":"post","link":"https:\/\/tendenciaspoliticas.com\/?p=45887","title":{"rendered":"Un polic\u00eda muri\u00f3 tras ser aplastado por un cartel que cay\u00f3 de la autopista en Flores"},"content":{"rendered":"\n<figure class=\"wp-block-image size-large\"><img loading=\"lazy\" decoding=\"async\" width=\"1024\" height=\"447\" src=\"https:\/\/tendenciaspoliticas.com\/wp-content\/uploads\/2026\/04\/image-345-1024x447.png\" alt=\"\" class=\"wp-image-45888\" srcset=\"https:\/\/tendenciaspoliticas.com\/wp-content\/uploads\/2026\/04\/image-345-1024x447.png 1024w, https:\/\/tendenciaspoliticas.com\/wp-content\/uploads\/2026\/04\/image-345-300x131.png 300w, https:\/\/tendenciaspoliticas.com\/wp-content\/uploads\/2026\/04\/image-345-768x335.png 768w, https:\/\/tendenciaspoliticas.com\/wp-content\/uploads\/2026\/04\/image-345.png 1256w\" sizes=\"auto, (max-width: 1024px) 100vw, 1024px\" \/><\/figure>\n\n\n\n<p>El desprendimiento se produjo luego del choque de dos camiones fuera de control y ocurri\u00f3 a metros de la comisar\u00eda donde trabajaba la v\u00edctima.<br>Un tr\u00e1gico accidente ocurri\u00f3 en el barrio porte\u00f1o de Flores cuando un efectivo de la Polic\u00eda de la Ciudad muri\u00f3 al ser impactado por un cartel que se desprendi\u00f3 de la Autopista 25 de Mayo. El hecho se registr\u00f3 en la intersecci\u00f3n de las calles Membrillar y Teniente Coronel Casimiro Recuero, justo debajo de la traza, donde se encuentra la Comisar\u00eda Comunal 7, lugar en el que la v\u00edctima prestaba servicio. Seg\u00fan informaron fuentes oficiales, el incidente se desencaden\u00f3 cuando dos camiones protagonizaron un choque en la autopista, en sentido hacia el centro. Uno de los veh\u00edculos perdi\u00f3 el control a la altura de la avenida Carabobo e impact\u00f3 contra una estructura que sosten\u00eda la carteler\u00eda vial. A ra\u00edz de ese primer golpe, un segundo cami\u00f3n que circulaba detr\u00e1s colision\u00f3 contra el mismo soporte, lo que provoc\u00f3 el desprendimiento del cartel. La estructura cay\u00f3 fuera de la autopista y golpe\u00f3 de lleno al oficial que se encontraba en la vereda, caus\u00e1ndole la muerte en el acto. Testigos del hecho relataron haber escuchado un fuerte estruendo antes de advertir la ca\u00edda del cartel, que qued\u00f3 parcialmente inclinado antes de desplomarse por completo. Tras el episodio, la zona fue r\u00e1pidamente cercada para permitir el trabajo de peritos y equipos de emergencia, mientras que los conductores de los camiones fueron demorados. La causa qued\u00f3 a cargo del Juzgado Nacional en lo Criminal y Correccional N\u00b047, que orden\u00f3 la realizaci\u00f3n de pericias para determinar las responsabilidades en el hecho.<\/p>\n","protected":false},"excerpt":{"rendered":"<p>El desprendimiento se produjo luego del choque de dos camiones fuera de control y ocurri\u00f3&#8230;<\/p>\n","protected":false},"author":2,"featured_media":0,"comment_status":"open","ping_status":"open","sticky":false,"template":"","format":"standard","meta":{"footnotes":""},"categories":[40,13],"tags":[39],"class_list":["post-45887","post","type-post","status-publish","format-standard","hentry","category-sociedad","category-ultima-noticia","tag-sociedad"],"_links":{"self":[{"href":"https:\/\/tendenciaspoliticas.com\/index.php?rest_route=\/wp\/v2\/posts\/45887","targetHints":{"allow":["GET"]}}],"collection":[{"href":"https:\/\/tendenciaspoliticas.com\/index.php?rest_route=\/wp\/v2\/posts"}],"about":[{"href":"https:\/\/tendenciaspoliticas.com\/index.php?rest_route=\/wp\/v2\/types\/post"}],"author":[{"embeddable":true,"href":"https:\/\/tendenciaspoliticas.com\/index.php?rest_route=\/wp\/v2\/users\/2"}],"replies":[{"embeddable":true,"href":"https:\/\/tendenciaspoliticas.com\/index.php?rest_route=%2Fwp%2Fv2%2Fcomments&post=45887"}],"version-history":[{"count":1,"href":"https:\/\/tendenciaspoliticas.com\/index.php?rest_route=\/wp\/v2\/posts\/45887\/revisions"}],"predecessor-version":[{"id":45889,"href":"https:\/\/tendenciaspoliticas.com\/index.php?rest_route=\/wp\/v2\/posts\/45887\/revisions\/45889"}],"wp:attachment":[{"href":"https:\/\/tendenciaspoliticas.com\/index.php?rest_route=%2Fwp%2Fv2%2Fmedia&parent=45887"}],"wp:term":[{"taxonomy":"category","embeddable":true,"href":"https:\/\/tendenciaspoliticas.com\/index.php?rest_route=%2Fwp%2Fv2%2Fcategories&post=45887"},{"taxonomy":"post_tag","embeddable":true,"href":"https:\/\/tendenciaspoliticas.com\/index.php?rest_route=%2Fwp%2Fv2%2Ftags&post=45887"}],"curies":[{"name":"wp","href":"https:\/\/api.w.org\/{rel}","templated":true}]}}