{"id":45884,"date":"2026-04-28T06:17:00","date_gmt":"2026-04-28T09:17:00","guid":{"rendered":"https:\/\/tendenciaspoliticas.com\/?p=45884"},"modified":"2026-04-27T21:18:21","modified_gmt":"2026-04-28T00:18:21","slug":"crece-la-tension-entre-el-gobierno-y-sus-aliados-por-nombramientos-judiciales","status":"publish","type":"post","link":"https:\/\/tendenciaspoliticas.com\/?p=45884","title":{"rendered":"Crece la tensi\u00f3n entre el Gobierno y sus aliados por nombramientos judiciales"},"content":{"rendered":"\n<figure class=\"wp-block-image size-large\"><img loading=\"lazy\" decoding=\"async\" width=\"1024\" height=\"505\" src=\"https:\/\/tendenciaspoliticas.com\/wp-content\/uploads\/2026\/04\/image-344-1024x505.png\" alt=\"\" class=\"wp-image-45885\" srcset=\"https:\/\/tendenciaspoliticas.com\/wp-content\/uploads\/2026\/04\/image-344-1024x505.png 1024w, https:\/\/tendenciaspoliticas.com\/wp-content\/uploads\/2026\/04\/image-344-300x148.png 300w, https:\/\/tendenciaspoliticas.com\/wp-content\/uploads\/2026\/04\/image-344-768x379.png 768w, https:\/\/tendenciaspoliticas.com\/wp-content\/uploads\/2026\/04\/image-344.png 1256w\" sizes=\"auto, (max-width: 1024px) 100vw, 1024px\" \/><\/figure>\n\n\n\n<p>Senadores del PRO y la UCR cuestionan los pliegos enviados por el Ejecutivo y advierten sobre posibles acuerdos con el kirchnerismo para cubrir vacantes en la Justicia.<br>El env\u00edo de pliegos para cubrir cargos vacantes en el sistema judicial gener\u00f3 un fuerte malestar entre el oficialismo y sus aliados legislativos, especialmente en el PRO y la Uni\u00f3n C\u00edvica Radical. La iniciativa, impulsada por el ministro de Justicia Juan Bautista Mahiques, despert\u00f3 sospechas en sectores del Senado que interpretan las nominaciones como parte de un eventual acuerdo con el kirchnerismo. Las cr\u00edticas se centran, en particular, en la inclusi\u00f3n de candidatos vinculados a la agrupaci\u00f3n Justicia Leg\u00edtima, lo que encendi\u00f3 alertas dentro de los bloques que hasta ahora acompa\u00f1aban al Gobierno en distintas votaciones. Legisladores radicales anticiparon que analizar\u00e1n en detalle cada una de las postulaciones, mientras que desde el PRO manifestaron su descontento por no haber sido consultados previamente. El tema ser\u00e1 eje de una reuni\u00f3n convocada por Patricia Bullrich con senadores aliados, donde tambi\u00e9n se abordar\u00e1n otros asuntos sensibles como la reforma electoral. El conflicto expone tensiones en la construcci\u00f3n de mayor\u00edas parlamentarias, ya que el oficialismo hab\u00eda logrado articular acuerdos con un grupo de legisladores no kirchneristas, que ahora muestran se\u00f1ales de distanciamiento. Adem\u00e1s, algunos sectores denuncian que se postergaron propuestas impulsadas por gobernadores y referentes propios para priorizar candidaturas con afinidad pol\u00edtica distinta. En paralelo, la comisi\u00f3n de Acuerdos del Senado comenzar\u00e1 a tratar algunos de los pliegos en los pr\u00f3ximos d\u00edas, lo que anticipa un debate intenso tanto en comisi\u00f3n como en el recinto. El episodio pone en evidencia las dificultades del Gobierno para sostener alianzas estables en un terreno clave como el judicial.<\/p>\n","protected":false},"excerpt":{"rendered":"<p>Senadores del PRO y la UCR cuestionan los pliegos enviados por el Ejecutivo y advierten&#8230;<\/p>\n","protected":false},"author":2,"featured_media":0,"comment_status":"open","ping_status":"open","sticky":false,"template":"","format":"standard","meta":{"footnotes":""},"categories":[1],"tags":[14],"class_list":["post-45884","post","type-post","status-publish","format-standard","hentry","category-politica","tag-politica"],"_links":{"self":[{"href":"https:\/\/tendenciaspoliticas.com\/index.php?rest_route=\/wp\/v2\/posts\/45884","targetHints":{"allow":["GET"]}}],"collection":[{"href":"https:\/\/tendenciaspoliticas.com\/index.php?rest_route=\/wp\/v2\/posts"}],"about":[{"href":"https:\/\/tendenciaspoliticas.com\/index.php?rest_route=\/wp\/v2\/types\/post"}],"author":[{"embeddable":true,"href":"https:\/\/tendenciaspoliticas.com\/index.php?rest_route=\/wp\/v2\/users\/2"}],"replies":[{"embeddable":true,"href":"https:\/\/tendenciaspoliticas.com\/index.php?rest_route=%2Fwp%2Fv2%2Fcomments&post=45884"}],"version-history":[{"count":1,"href":"https:\/\/tendenciaspoliticas.com\/index.php?rest_route=\/wp\/v2\/posts\/45884\/revisions"}],"predecessor-version":[{"id":45886,"href":"https:\/\/tendenciaspoliticas.com\/index.php?rest_route=\/wp\/v2\/posts\/45884\/revisions\/45886"}],"wp:attachment":[{"href":"https:\/\/tendenciaspoliticas.com\/index.php?rest_route=%2Fwp%2Fv2%2Fmedia&parent=45884"}],"wp:term":[{"taxonomy":"category","embeddable":true,"href":"https:\/\/tendenciaspoliticas.com\/index.php?rest_route=%2Fwp%2Fv2%2Fcategories&post=45884"},{"taxonomy":"post_tag","embeddable":true,"href":"https:\/\/tendenciaspoliticas.com\/index.php?rest_route=%2Fwp%2Fv2%2Ftags&post=45884"}],"curies":[{"name":"wp","href":"https:\/\/api.w.org\/{rel}","templated":true}]}}