{"id":45881,"date":"2026-04-28T06:16:00","date_gmt":"2026-04-28T09:16:00","guid":{"rendered":"https:\/\/tendenciaspoliticas.com\/?p=45881"},"modified":"2026-04-27T21:17:30","modified_gmt":"2026-04-28T00:17:30","slug":"el-dolar-retoma-la-tendencia-alcista-y-pone-en-duda-la-estabilidad-cambiaria","status":"publish","type":"post","link":"https:\/\/tendenciaspoliticas.com\/?p=45881","title":{"rendered":"El d\u00f3lar retoma la tendencia alcista y pone en duda la estabilidad cambiaria"},"content":{"rendered":"\n<p>La cotizaci\u00f3n volvi\u00f3 a escalar hasta $1.440, mientras el mayorista super\u00f3 los $1.400 y el riesgo pa\u00eds se acerca a los 600 puntos b\u00e1sicos.<\/p>\n\n\n\n<figure class=\"wp-block-image size-large\"><img loading=\"lazy\" decoding=\"async\" width=\"1024\" height=\"505\" src=\"https:\/\/tendenciaspoliticas.com\/wp-content\/uploads\/2026\/04\/image-343-1024x505.png\" alt=\"\" class=\"wp-image-45882\" srcset=\"https:\/\/tendenciaspoliticas.com\/wp-content\/uploads\/2026\/04\/image-343-1024x505.png 1024w, https:\/\/tendenciaspoliticas.com\/wp-content\/uploads\/2026\/04\/image-343-300x148.png 300w, https:\/\/tendenciaspoliticas.com\/wp-content\/uploads\/2026\/04\/image-343-768x379.png 768w, https:\/\/tendenciaspoliticas.com\/wp-content\/uploads\/2026\/04\/image-343.png 1256w\" sizes=\"auto, (max-width: 1024px) 100vw, 1024px\" \/><\/figure>\n\n\n\n<p><br>El mercado cambiario muestra se\u00f1ales de tensi\u00f3n luego de varios meses de relativa estabilidad, con una suba del d\u00f3lar que reabre interrogantes sobre la sostenibilidad del esquema actual. En la \u00faltima jornada, el tipo de cambio minorista avanz\u00f3 hasta los $1.440, su nivel m\u00e1s alto en un mes, impulsado por un mayorista que se consolid\u00f3 por encima de los $1.400 y cerr\u00f3 en $1.417. Este movimiento marca un quiebre respecto del per\u00edodo de calma que se hab\u00eda extendido desde noviembre, caracterizado por una estrategia financiera basada en tasas en pesos elevadas. La reciente baja de tasas comienza a erosionar el atractivo del carry trade, reduciendo los incentivos para permanecer en moneda local y generando presi\u00f3n sobre la demanda de divisas. En paralelo, la brecha entre el d\u00f3lar oficial y los financieros vuelve a ampliarse, con el contado con liquidaci\u00f3n alcanzando los $1.522, lo que implica una diferencia cercana al 7%. El contexto tambi\u00e9n refleja un cambio en la din\u00e1mica del Banco Central, que redujo el ritmo de compras de reservas en los \u00faltimos d\u00edas, en l\u00ednea con una mayor demanda privada. No obstante, el saldo mensual sigue siendo positivo, con m\u00e1s de 2.400 millones de d\u00f3lares adquiridos en abril. La suba del d\u00f3lar se da en simult\u00e1neo con un incremento del riesgo pa\u00eds, que alcanz\u00f3 los 573 puntos b\u00e1sicos, impulsado por la ca\u00edda de los bonos y factores externos como las tensiones internacionales. Este escenario plantea nuevos desaf\u00edos para la pol\u00edtica econ\u00f3mica, que busca equilibrar estabilidad cambiaria, acumulaci\u00f3n de reservas y reactivaci\u00f3n econ\u00f3mica.<\/p>\n","protected":false},"excerpt":{"rendered":"<p>La cotizaci\u00f3n volvi\u00f3 a escalar hasta $1.440, mientras el mayorista super\u00f3 los $1.400 y el&#8230;<\/p>\n","protected":false},"author":2,"featured_media":0,"comment_status":"open","ping_status":"open","sticky":false,"template":"","format":"standard","meta":{"footnotes":""},"categories":[10,13],"tags":[15],"class_list":["post-45881","post","type-post","status-publish","format-standard","hentry","category-economia","category-ultima-noticia","tag-economia"],"_links":{"self":[{"href":"https:\/\/tendenciaspoliticas.com\/index.php?rest_route=\/wp\/v2\/posts\/45881","targetHints":{"allow":["GET"]}}],"collection":[{"href":"https:\/\/tendenciaspoliticas.com\/index.php?rest_route=\/wp\/v2\/posts"}],"about":[{"href":"https:\/\/tendenciaspoliticas.com\/index.php?rest_route=\/wp\/v2\/types\/post"}],"author":[{"embeddable":true,"href":"https:\/\/tendenciaspoliticas.com\/index.php?rest_route=\/wp\/v2\/users\/2"}],"replies":[{"embeddable":true,"href":"https:\/\/tendenciaspoliticas.com\/index.php?rest_route=%2Fwp%2Fv2%2Fcomments&post=45881"}],"version-history":[{"count":1,"href":"https:\/\/tendenciaspoliticas.com\/index.php?rest_route=\/wp\/v2\/posts\/45881\/revisions"}],"predecessor-version":[{"id":45883,"href":"https:\/\/tendenciaspoliticas.com\/index.php?rest_route=\/wp\/v2\/posts\/45881\/revisions\/45883"}],"wp:attachment":[{"href":"https:\/\/tendenciaspoliticas.com\/index.php?rest_route=%2Fwp%2Fv2%2Fmedia&parent=45881"}],"wp:term":[{"taxonomy":"category","embeddable":true,"href":"https:\/\/tendenciaspoliticas.com\/index.php?rest_route=%2Fwp%2Fv2%2Fcategories&post=45881"},{"taxonomy":"post_tag","embeddable":true,"href":"https:\/\/tendenciaspoliticas.com\/index.php?rest_route=%2Fwp%2Fv2%2Ftags&post=45881"}],"curies":[{"name":"wp","href":"https:\/\/api.w.org\/{rel}","templated":true}]}}