{"id":45872,"date":"2026-04-27T16:43:00","date_gmt":"2026-04-27T19:43:00","guid":{"rendered":"https:\/\/tendenciaspoliticas.com\/?p=45872"},"modified":"2026-04-27T07:43:55","modified_gmt":"2026-04-27T10:43:55","slug":"clinicas-de-cuatro-provincias-advierten-que-restringiran-la-atencion-a-afiliados-del-pami","status":"publish","type":"post","link":"https:\/\/tendenciaspoliticas.com\/?p=45872","title":{"rendered":"Cl\u00ednicas de cuatro provincias advierten que restringir\u00e1n la atenci\u00f3n a afiliados del PAMI"},"content":{"rendered":"\n<p>Prestadores denuncian un atraso del 70% en los aranceles y anticipan la suspensi\u00f3n de servicios, incluyendo cirug\u00edas programadas.<\/p>\n\n\n\n<figure class=\"wp-block-image size-full\"><img loading=\"lazy\" decoding=\"async\" width=\"790\" height=\"443\" src=\"https:\/\/tendenciaspoliticas.com\/wp-content\/uploads\/2026\/04\/image-340.png\" alt=\"\" class=\"wp-image-45873\" srcset=\"https:\/\/tendenciaspoliticas.com\/wp-content\/uploads\/2026\/04\/image-340.png 790w, https:\/\/tendenciaspoliticas.com\/wp-content\/uploads\/2026\/04\/image-340-300x168.png 300w, https:\/\/tendenciaspoliticas.com\/wp-content\/uploads\/2026\/04\/image-340-768x431.png 768w\" sizes=\"auto, (max-width: 790px) 100vw, 790px\" \/><\/figure>\n\n\n\n<p><br>Un grupo de cl\u00ednicas de Neuqu\u00e9n, R\u00edo Negro, La Pampa y Chubut advirti\u00f3 que comenzar\u00e1 a restringir la atenci\u00f3n a afiliados del PAMI debido al atraso en los valores de los aranceles. Seg\u00fan los prestadores, la brecha entre los costos operativos y los ingresos alcanza el 70%, lo que vuelve insostenible la continuidad de los servicios en las condiciones actuales. La medida incluye la suspensi\u00f3n de cirug\u00edas programadas y la limitaci\u00f3n de otras prestaciones, lo que genera preocupaci\u00f3n entre los beneficiarios de la obra social. Desde el sector se\u00f1alan que la situaci\u00f3n se arrastra desde hace tiempo y que los incrementos otorgados no logran compensar la inflaci\u00f3n. En respuesta, desde el PAMI indicaron que convocar\u00e1n a los prestadores para intentar alcanzar un acuerdo que permita normalizar la atenci\u00f3n. El conflicto pone en evidencia las tensiones estructurales en el sistema de salud, donde la financiaci\u00f3n y los costos operativos representan desaf\u00edos constantes. Especialistas advierten que la interrupci\u00f3n de servicios puede tener consecuencias directas en la calidad de atenci\u00f3n y en la salud de los pacientes. En este contexto, la negociaci\u00f3n entre las partes ser\u00e1 clave para evitar una escalada del conflicto y garantizar la continuidad de las prestaciones.<\/p>\n","protected":false},"excerpt":{"rendered":"<p>Prestadores denuncian un atraso del 70% en los aranceles y anticipan la suspensi\u00f3n de servicios,&#8230;<\/p>\n","protected":false},"author":2,"featured_media":0,"comment_status":"open","ping_status":"open","sticky":false,"template":"","format":"standard","meta":{"footnotes":""},"categories":[40,13],"tags":[39],"class_list":["post-45872","post","type-post","status-publish","format-standard","hentry","category-sociedad","category-ultima-noticia","tag-sociedad"],"_links":{"self":[{"href":"https:\/\/tendenciaspoliticas.com\/index.php?rest_route=\/wp\/v2\/posts\/45872","targetHints":{"allow":["GET"]}}],"collection":[{"href":"https:\/\/tendenciaspoliticas.com\/index.php?rest_route=\/wp\/v2\/posts"}],"about":[{"href":"https:\/\/tendenciaspoliticas.com\/index.php?rest_route=\/wp\/v2\/types\/post"}],"author":[{"embeddable":true,"href":"https:\/\/tendenciaspoliticas.com\/index.php?rest_route=\/wp\/v2\/users\/2"}],"replies":[{"embeddable":true,"href":"https:\/\/tendenciaspoliticas.com\/index.php?rest_route=%2Fwp%2Fv2%2Fcomments&post=45872"}],"version-history":[{"count":1,"href":"https:\/\/tendenciaspoliticas.com\/index.php?rest_route=\/wp\/v2\/posts\/45872\/revisions"}],"predecessor-version":[{"id":45874,"href":"https:\/\/tendenciaspoliticas.com\/index.php?rest_route=\/wp\/v2\/posts\/45872\/revisions\/45874"}],"wp:attachment":[{"href":"https:\/\/tendenciaspoliticas.com\/index.php?rest_route=%2Fwp%2Fv2%2Fmedia&parent=45872"}],"wp:term":[{"taxonomy":"category","embeddable":true,"href":"https:\/\/tendenciaspoliticas.com\/index.php?rest_route=%2Fwp%2Fv2%2Fcategories&post=45872"},{"taxonomy":"post_tag","embeddable":true,"href":"https:\/\/tendenciaspoliticas.com\/index.php?rest_route=%2Fwp%2Fv2%2Ftags&post=45872"}],"curies":[{"name":"wp","href":"https:\/\/api.w.org\/{rel}","templated":true}]}}