{"id":45869,"date":"2026-04-27T07:42:57","date_gmt":"2026-04-27T10:42:57","guid":{"rendered":"https:\/\/tendenciaspoliticas.com\/?p=45869"},"modified":"2026-04-27T07:42:57","modified_gmt":"2026-04-27T10:42:57","slug":"la-falta-de-respeto-a-las-paradas-encabeza-las-infracciones-de-colectivos-y-eleva-el-riesgo-vial","status":"publish","type":"post","link":"https:\/\/tendenciaspoliticas.com\/?p=45869","title":{"rendered":"La falta de respeto a las paradas encabeza las infracciones de colectivos y eleva el riesgo vial"},"content":{"rendered":"\n<p>Autoridades registraron cerca de 100 reclamos diarios por esta conducta, que se vincula con accidentes y genera quejas de los usuarios por la frecuencia del servicio.<\/p>\n\n\n\n<figure class=\"wp-block-image size-full is-resized\"><img loading=\"lazy\" decoding=\"async\" width=\"275\" height=\"183\" src=\"https:\/\/tendenciaspoliticas.com\/wp-content\/uploads\/2026\/04\/image-339.png\" alt=\"\" class=\"wp-image-45870\" style=\"width:790px;height:auto\"\/><\/figure>\n\n\n\n<p><br>El incumplimiento de las paradas por parte de los colectivos se posiciona como la principal infracci\u00f3n detectada en el transporte p\u00fablico, seg\u00fan datos de la Comisi\u00f3n Nacional de Regulaci\u00f3n del Transporte (CNRT). Durante el \u00faltimo a\u00f1o, se registraron cerca de 100 reclamos diarios vinculados a esta maniobra, que no solo afecta la calidad del servicio sino que tambi\u00e9n incrementa el riesgo de accidentes. Autoridades se\u00f1alan que la conducta de no detenerse en las paradas establecidas obliga a los pasajeros a realizar maniobras peligrosas o a desplazarse en condiciones inseguras. Adem\u00e1s, el problema se agrava por la baja frecuencia en algunas l\u00edneas, lo que incrementa la frustraci\u00f3n de los usuarios. Desde el organismo regulador destacan que existen normativas claras que obligan a los conductores a respetar las paradas, as\u00ed como controles destinados a garantizar su cumplimiento. Sin embargo, la persistencia de las infracciones evidencia dificultades en la fiscalizaci\u00f3n. Especialistas en seguridad vial advierten que este tipo de pr\u00e1cticas puede derivar en situaciones de riesgo tanto para pasajeros como para peatones. En este contexto, se plantea la necesidad de reforzar los controles y aplicar sanciones efectivas. La mejora en la calidad del transporte p\u00fablico aparece como un desaf\u00edo central para la movilidad urbana.<\/p>\n","protected":false},"excerpt":{"rendered":"<p>Autoridades registraron cerca de 100 reclamos diarios por esta conducta, que se vincula con accidentes&#8230;<\/p>\n","protected":false},"author":2,"featured_media":0,"comment_status":"open","ping_status":"open","sticky":false,"template":"","format":"standard","meta":{"footnotes":""},"categories":[40,13],"tags":[39],"class_list":["post-45869","post","type-post","status-publish","format-standard","hentry","category-sociedad","category-ultima-noticia","tag-sociedad"],"_links":{"self":[{"href":"https:\/\/tendenciaspoliticas.com\/index.php?rest_route=\/wp\/v2\/posts\/45869","targetHints":{"allow":["GET"]}}],"collection":[{"href":"https:\/\/tendenciaspoliticas.com\/index.php?rest_route=\/wp\/v2\/posts"}],"about":[{"href":"https:\/\/tendenciaspoliticas.com\/index.php?rest_route=\/wp\/v2\/types\/post"}],"author":[{"embeddable":true,"href":"https:\/\/tendenciaspoliticas.com\/index.php?rest_route=\/wp\/v2\/users\/2"}],"replies":[{"embeddable":true,"href":"https:\/\/tendenciaspoliticas.com\/index.php?rest_route=%2Fwp%2Fv2%2Fcomments&post=45869"}],"version-history":[{"count":1,"href":"https:\/\/tendenciaspoliticas.com\/index.php?rest_route=\/wp\/v2\/posts\/45869\/revisions"}],"predecessor-version":[{"id":45871,"href":"https:\/\/tendenciaspoliticas.com\/index.php?rest_route=\/wp\/v2\/posts\/45869\/revisions\/45871"}],"wp:attachment":[{"href":"https:\/\/tendenciaspoliticas.com\/index.php?rest_route=%2Fwp%2Fv2%2Fmedia&parent=45869"}],"wp:term":[{"taxonomy":"category","embeddable":true,"href":"https:\/\/tendenciaspoliticas.com\/index.php?rest_route=%2Fwp%2Fv2%2Fcategories&post=45869"},{"taxonomy":"post_tag","embeddable":true,"href":"https:\/\/tendenciaspoliticas.com\/index.php?rest_route=%2Fwp%2Fv2%2Ftags&post=45869"}],"curies":[{"name":"wp","href":"https:\/\/api.w.org\/{rel}","templated":true}]}}