{"id":45866,"date":"2026-04-27T16:41:00","date_gmt":"2026-04-27T19:41:00","guid":{"rendered":"https:\/\/tendenciaspoliticas.com\/?p=45866"},"modified":"2026-04-27T07:42:12","modified_gmt":"2026-04-27T10:42:12","slug":"la-caida-de-la-coparticipacion-implico-un-ajuste-de-765-000-por-habitante-en-dos-anos","status":"publish","type":"post","link":"https:\/\/tendenciaspoliticas.com\/?p=45866","title":{"rendered":"La ca\u00edda de la coparticipaci\u00f3n implic\u00f3 un ajuste de $765.000 por habitante en dos a\u00f1os"},"content":{"rendered":"\n<p>Un informe del IARAF se\u00f1ala que la reducci\u00f3n de transferencias a las provincias tuvo un fuerte impacto en los recursos disponibles en cada distrito.<\/p>\n\n\n\n<figure class=\"wp-block-image size-large\"><img loading=\"lazy\" decoding=\"async\" width=\"1024\" height=\"576\" src=\"https:\/\/tendenciaspoliticas.com\/wp-content\/uploads\/2026\/04\/image-338-1024x576.png\" alt=\"\" class=\"wp-image-45867\" srcset=\"https:\/\/tendenciaspoliticas.com\/wp-content\/uploads\/2026\/04\/image-338-1024x576.png 1024w, https:\/\/tendenciaspoliticas.com\/wp-content\/uploads\/2026\/04\/image-338-300x169.png 300w, https:\/\/tendenciaspoliticas.com\/wp-content\/uploads\/2026\/04\/image-338-768x432.png 768w, https:\/\/tendenciaspoliticas.com\/wp-content\/uploads\/2026\/04\/image-338.png 1200w\" sizes=\"auto, (max-width: 1024px) 100vw, 1024px\" \/><\/figure>\n\n\n\n<p><br>La disminuci\u00f3n de los fondos de coparticipaci\u00f3n y otras transferencias a las provincias gener\u00f3 un ajuste significativo en los recursos p\u00fablicos, con un impacto estimado en 765.000 pesos por habitante en los \u00faltimos dos a\u00f1os. As\u00ed lo indica un informe del Instituto Argentino de An\u00e1lisis Fiscal (IARAF), que analiz\u00f3 la evoluci\u00f3n de los env\u00edos autom\u00e1ticos y discrecionales desde la Naci\u00f3n hacia los distritos. El estudio destaca que la reducci\u00f3n de estos fondos condiciona la capacidad de las provincias para sostener servicios y pol\u00edticas p\u00fablicas. Adem\u00e1s, se\u00f1ala que la intervenci\u00f3n de la Justicia tuvo un rol relevante en la distribuci\u00f3n de los recursos, lo que a\u00f1ade complejidad al escenario fiscal. El ajuste se enmarca en una estrategia m\u00e1s amplia del Gobierno orientada a reducir el gasto p\u00fablico, en l\u00ednea con sus objetivos de equilibrio fiscal. Sin embargo, la medida genera tensiones con las administraciones provinciales, que enfrentan mayores restricciones presupuestarias. Analistas subrayan que la ca\u00edda de la coparticipaci\u00f3n puede tener efectos en la calidad de los servicios y en la inversi\u00f3n p\u00fablica a nivel local. A su vez, advierten que la sostenibilidad del esquema fiscal depender\u00e1 de la evoluci\u00f3n de la recaudaci\u00f3n y de la actividad econ\u00f3mica. El debate sobre la distribuci\u00f3n de recursos entre Naci\u00f3n y provincias sigue siendo un eje central del federalismo argentino.<\/p>\n","protected":false},"excerpt":{"rendered":"<p>Un informe del IARAF se\u00f1ala que la reducci\u00f3n de transferencias a las provincias tuvo un&#8230;<\/p>\n","protected":false},"author":2,"featured_media":0,"comment_status":"open","ping_status":"open","sticky":false,"template":"","format":"standard","meta":{"footnotes":""},"categories":[10,13],"tags":[15],"class_list":["post-45866","post","type-post","status-publish","format-standard","hentry","category-economia","category-ultima-noticia","tag-economia"],"_links":{"self":[{"href":"https:\/\/tendenciaspoliticas.com\/index.php?rest_route=\/wp\/v2\/posts\/45866","targetHints":{"allow":["GET"]}}],"collection":[{"href":"https:\/\/tendenciaspoliticas.com\/index.php?rest_route=\/wp\/v2\/posts"}],"about":[{"href":"https:\/\/tendenciaspoliticas.com\/index.php?rest_route=\/wp\/v2\/types\/post"}],"author":[{"embeddable":true,"href":"https:\/\/tendenciaspoliticas.com\/index.php?rest_route=\/wp\/v2\/users\/2"}],"replies":[{"embeddable":true,"href":"https:\/\/tendenciaspoliticas.com\/index.php?rest_route=%2Fwp%2Fv2%2Fcomments&post=45866"}],"version-history":[{"count":1,"href":"https:\/\/tendenciaspoliticas.com\/index.php?rest_route=\/wp\/v2\/posts\/45866\/revisions"}],"predecessor-version":[{"id":45868,"href":"https:\/\/tendenciaspoliticas.com\/index.php?rest_route=\/wp\/v2\/posts\/45866\/revisions\/45868"}],"wp:attachment":[{"href":"https:\/\/tendenciaspoliticas.com\/index.php?rest_route=%2Fwp%2Fv2%2Fmedia&parent=45866"}],"wp:term":[{"taxonomy":"category","embeddable":true,"href":"https:\/\/tendenciaspoliticas.com\/index.php?rest_route=%2Fwp%2Fv2%2Fcategories&post=45866"},{"taxonomy":"post_tag","embeddable":true,"href":"https:\/\/tendenciaspoliticas.com\/index.php?rest_route=%2Fwp%2Fv2%2Ftags&post=45866"}],"curies":[{"name":"wp","href":"https:\/\/api.w.org\/{rel}","templated":true}]}}