{"id":45860,"date":"2026-04-27T16:40:00","date_gmt":"2026-04-27T19:40:00","guid":{"rendered":"https:\/\/tendenciaspoliticas.com\/?p=45860"},"modified":"2026-04-27T07:40:55","modified_gmt":"2026-04-27T10:40:55","slug":"un-informe-proyecta-que-eliminar-retenciones-no-reduciria-la-recaudacion-a-mediano-plazo","status":"publish","type":"post","link":"https:\/\/tendenciaspoliticas.com\/?p=45860","title":{"rendered":"Un informe proyecta que eliminar retenciones no reducir\u00eda la recaudaci\u00f3n a mediano plazo"},"content":{"rendered":"\n<p>Un estudio se\u00f1ala que el aumento en la producci\u00f3n y las exportaciones compensar\u00eda la p\u00e9rdida inicial de ingresos fiscales en un plazo de cuatro a\u00f1os.<\/p>\n\n\n\n<figure class=\"wp-block-image size-full\"><img loading=\"lazy\" decoding=\"async\" width=\"960\" height=\"540\" src=\"https:\/\/tendenciaspoliticas.com\/wp-content\/uploads\/2026\/04\/image-336.png\" alt=\"\" class=\"wp-image-45861\" srcset=\"https:\/\/tendenciaspoliticas.com\/wp-content\/uploads\/2026\/04\/image-336.png 960w, https:\/\/tendenciaspoliticas.com\/wp-content\/uploads\/2026\/04\/image-336-300x169.png 300w, https:\/\/tendenciaspoliticas.com\/wp-content\/uploads\/2026\/04\/image-336-768x432.png 768w\" sizes=\"auto, (max-width: 960px) 100vw, 960px\" \/><\/figure>\n\n\n\n<p><br>Un informe elaborado por la Bolsa de Comercio de Rosario plantea que la eliminaci\u00f3n de los derechos de exportaci\u00f3n podr\u00eda no implicar una ca\u00edda sostenida en la recaudaci\u00f3n fiscal. Seg\u00fan el estudio, si bien en el corto plazo el Estado dejar\u00eda de percibir ingresos por retenciones, el crecimiento de la producci\u00f3n y las exportaciones permitir\u00eda recuperar esos recursos en un plazo aproximado de cuatro a\u00f1os. Las proyecciones indican que hacia 2036 la producci\u00f3n agr\u00edcola podr\u00eda alcanzar las 183 millones de toneladas, con exportaciones cercanas a 126 millones y un valor total estimado en 50.000 millones de d\u00f3lares. El an\u00e1lisis se basa en el supuesto de que la reducci\u00f3n de la carga impositiva incentivar\u00eda la inversi\u00f3n y mejorar\u00eda la competitividad del sector. Sin embargo, la propuesta genera debate entre economistas, ya que implica un costo fiscal inicial en un contexto de restricciones presupuestarias. Desde el sector agropecuario, la medida es vista como una oportunidad para expandir la actividad y aumentar la generaci\u00f3n de divisas. En cambio, cr\u00edticos advierten sobre el impacto en las cuentas p\u00fablicas en el corto plazo. La discusi\u00f3n sobre las retenciones sigue siendo uno de los ejes centrales de la pol\u00edtica econ\u00f3mica argentina.<\/p>\n","protected":false},"excerpt":{"rendered":"<p>Un estudio se\u00f1ala que el aumento en la producci\u00f3n y las exportaciones compensar\u00eda la p\u00e9rdida&#8230;<\/p>\n","protected":false},"author":2,"featured_media":0,"comment_status":"open","ping_status":"open","sticky":false,"template":"","format":"standard","meta":{"footnotes":""},"categories":[10,13],"tags":[15],"class_list":["post-45860","post","type-post","status-publish","format-standard","hentry","category-economia","category-ultima-noticia","tag-economia"],"_links":{"self":[{"href":"https:\/\/tendenciaspoliticas.com\/index.php?rest_route=\/wp\/v2\/posts\/45860","targetHints":{"allow":["GET"]}}],"collection":[{"href":"https:\/\/tendenciaspoliticas.com\/index.php?rest_route=\/wp\/v2\/posts"}],"about":[{"href":"https:\/\/tendenciaspoliticas.com\/index.php?rest_route=\/wp\/v2\/types\/post"}],"author":[{"embeddable":true,"href":"https:\/\/tendenciaspoliticas.com\/index.php?rest_route=\/wp\/v2\/users\/2"}],"replies":[{"embeddable":true,"href":"https:\/\/tendenciaspoliticas.com\/index.php?rest_route=%2Fwp%2Fv2%2Fcomments&post=45860"}],"version-history":[{"count":1,"href":"https:\/\/tendenciaspoliticas.com\/index.php?rest_route=\/wp\/v2\/posts\/45860\/revisions"}],"predecessor-version":[{"id":45862,"href":"https:\/\/tendenciaspoliticas.com\/index.php?rest_route=\/wp\/v2\/posts\/45860\/revisions\/45862"}],"wp:attachment":[{"href":"https:\/\/tendenciaspoliticas.com\/index.php?rest_route=%2Fwp%2Fv2%2Fmedia&parent=45860"}],"wp:term":[{"taxonomy":"category","embeddable":true,"href":"https:\/\/tendenciaspoliticas.com\/index.php?rest_route=%2Fwp%2Fv2%2Fcategories&post=45860"},{"taxonomy":"post_tag","embeddable":true,"href":"https:\/\/tendenciaspoliticas.com\/index.php?rest_route=%2Fwp%2Fv2%2Ftags&post=45860"}],"curies":[{"name":"wp","href":"https:\/\/api.w.org\/{rel}","templated":true}]}}