{"id":45853,"date":"2026-04-27T07:39:33","date_gmt":"2026-04-27T10:39:33","guid":{"rendered":"https:\/\/tendenciaspoliticas.com\/?p=45853"},"modified":"2026-04-27T07:39:34","modified_gmt":"2026-04-27T10:39:34","slug":"la-baja-de-tasas-reconfigura-el-escenario-financiero-y-reactiva-el-debate-sobre-el-dolar","status":"publish","type":"post","link":"https:\/\/tendenciaspoliticas.com\/?p=45853","title":{"rendered":"La baja de tasas reconfigura el escenario financiero y reactiva el debate sobre el d\u00f3lar"},"content":{"rendered":"\n<p>El mercado eval\u00faa si la reducci\u00f3n del costo del dinero impulsar\u00e1 el cr\u00e9dito o generar\u00e1 mayor presi\u00f3n sobre la demanda de divisas.<\/p>\n\n\n\n<figure class=\"wp-block-image size-full is-resized\"><img loading=\"lazy\" decoding=\"async\" width=\"375\" height=\"211\" src=\"https:\/\/tendenciaspoliticas.com\/wp-content\/uploads\/2026\/04\/image-333.png\" alt=\"\" class=\"wp-image-45854\" style=\"width:790px;height:auto\" srcset=\"https:\/\/tendenciaspoliticas.com\/wp-content\/uploads\/2026\/04\/image-333.png 375w, https:\/\/tendenciaspoliticas.com\/wp-content\/uploads\/2026\/04\/image-333-300x169.png 300w\" sizes=\"auto, (max-width: 375px) 100vw, 375px\" \/><\/figure>\n\n\n\n<p><br>La reciente decisi\u00f3n de reducir las tasas de inter\u00e9s comienza a tener impacto en el mercado financiero, donde se abre un nuevo escenario con m\u00faltiples interrogantes. Por un lado, la medida podr\u00eda favorecer la expansi\u00f3n del cr\u00e9dito y contribuir a una reactivaci\u00f3n de la actividad econ\u00f3mica, al abaratar el costo del financiamiento. Sin embargo, tambi\u00e9n existe la preocupaci\u00f3n de que una menor tasa incentive la b\u00fasqueda de cobertura en moneda extranjera, lo que podr\u00eda traducirse en presi\u00f3n sobre el tipo de cambio. Este equilibrio entre est\u00edmulo econ\u00f3mico y estabilidad cambiaria se convierte en uno de los principales desaf\u00edos para la pol\u00edtica monetaria. Operadores del mercado se\u00f1alan que el comportamiento de los ahorristas ser\u00e1 clave para determinar el impacto de la medida. En paralelo, la evoluci\u00f3n de la inflaci\u00f3n y las expectativas macroecon\u00f3micas tambi\u00e9n juegan un rol determinante. El movimiento del d\u00f3lar en este contexto refleja la sensibilidad del sistema financiero a los cambios en la pol\u00edtica econ\u00f3mica. Mientras tanto, el Gobierno apuesta a que la baja de tasas contribuya a dinamizar la econom\u00eda sin generar desequilibrios significativos. La respuesta del mercado en las pr\u00f3ximas semanas ser\u00e1 fundamental para evaluar la efectividad de la estrategia.<\/p>\n","protected":false},"excerpt":{"rendered":"<p>El mercado eval\u00faa si la reducci\u00f3n del costo del dinero impulsar\u00e1 el cr\u00e9dito o generar\u00e1&#8230;<\/p>\n","protected":false},"author":2,"featured_media":0,"comment_status":"open","ping_status":"open","sticky":false,"template":"","format":"standard","meta":{"footnotes":""},"categories":[10],"tags":[15],"class_list":["post-45853","post","type-post","status-publish","format-standard","hentry","category-economia","tag-economia"],"_links":{"self":[{"href":"https:\/\/tendenciaspoliticas.com\/index.php?rest_route=\/wp\/v2\/posts\/45853","targetHints":{"allow":["GET"]}}],"collection":[{"href":"https:\/\/tendenciaspoliticas.com\/index.php?rest_route=\/wp\/v2\/posts"}],"about":[{"href":"https:\/\/tendenciaspoliticas.com\/index.php?rest_route=\/wp\/v2\/types\/post"}],"author":[{"embeddable":true,"href":"https:\/\/tendenciaspoliticas.com\/index.php?rest_route=\/wp\/v2\/users\/2"}],"replies":[{"embeddable":true,"href":"https:\/\/tendenciaspoliticas.com\/index.php?rest_route=%2Fwp%2Fv2%2Fcomments&post=45853"}],"version-history":[{"count":1,"href":"https:\/\/tendenciaspoliticas.com\/index.php?rest_route=\/wp\/v2\/posts\/45853\/revisions"}],"predecessor-version":[{"id":45855,"href":"https:\/\/tendenciaspoliticas.com\/index.php?rest_route=\/wp\/v2\/posts\/45853\/revisions\/45855"}],"wp:attachment":[{"href":"https:\/\/tendenciaspoliticas.com\/index.php?rest_route=%2Fwp%2Fv2%2Fmedia&parent=45853"}],"wp:term":[{"taxonomy":"category","embeddable":true,"href":"https:\/\/tendenciaspoliticas.com\/index.php?rest_route=%2Fwp%2Fv2%2Fcategories&post=45853"},{"taxonomy":"post_tag","embeddable":true,"href":"https:\/\/tendenciaspoliticas.com\/index.php?rest_route=%2Fwp%2Fv2%2Ftags&post=45853"}],"curies":[{"name":"wp","href":"https:\/\/api.w.org\/{rel}","templated":true}]}}